{"id":9272,"date":"2023-04-22T16:26:00","date_gmt":"2023-04-22T16:26:00","guid":{"rendered":"https:\/\/www.cab.com.br\/?p=9272"},"modified":"2026-03-02T16:14:57","modified_gmt":"2026-03-02T16:14:57","slug":"trekking-day-parque-caminhos-do-mar","status":"publish","type":"post","link":"https:\/\/www.cab.com.br\/?p=9272","title":{"rendered":"Trekking Day Parque Caminhos do Mar"},"content":{"rendered":"\n<p>28 de Fevereiro. Uma aventura inesquec\u00edvel, roteiro de conjuga Hist\u00f3ria e Aventura, Trekking pela primeira via de acesso de pedras que ligada S\u00e3o Paulo ao Litoral.<\/p>\n\n\n\n<p>Passamos por monumentos hist\u00f3ricos como Casa de Pedra, Ruinas da Caminho do Mar, Curva do Uau, Casa de V\u00e1vulas, Belvedere Circuilar e Monumento do Pico.<\/p>\n\n\n\n<p>No trajeto temos uma vis\u00e3o completa da Baixada Santista e Muita Mata Atl\u00e2ntica preservada, \u00e1rvores, fauna e flora.<\/p>\n\n\n\n<p>O Parque Estadual da Serra do Mar \u00e9 a maior \u00e1rea de prote\u00e7\u00e3o integral do litoral brasileiro, contitui um verdadeiro corredor ecol\u00f3gico, conectando os mais significativos remanescentes da Mata Atl\u00e2ntica do pa\u00eds.<\/p>\n\n\n\n<p>N\u00e3o perca essa!<\/p>\n\n\n\n<p><strong>Fotos:<\/strong><\/p>\n\n\n\n<figure class=\"wp-block-gallery has-nested-images columns-default is-cropped wp-block-gallery-1 is-layout-flex wp-block-gallery-is-layout-flex\">\n<figure class=\"wp-block-image size-large\"><img loading=\"lazy\" decoding=\"async\" width=\"416\" height=\"312\" data-id=\"9290\" src=\"https:\/\/www.cab.com.br\/wp-content\/uploads\/TrekkingCaminhosdoMar01.jpg\" alt=\"\" class=\"wp-image-9290\" srcset=\"https:\/\/www.cab.com.br\/wp-content\/uploads\/TrekkingCaminhosdoMar01.jpg 416w, https:\/\/www.cab.com.br\/wp-content\/uploads\/TrekkingCaminhosdoMar01-300x225.jpg 300w\" sizes=\"auto, (max-width: 416px) 100vw, 416px\" \/><\/figure>\n\n\n\n<figure class=\"wp-block-image size-large\"><img loading=\"lazy\" decoding=\"async\" width=\"416\" height=\"312\" data-id=\"9287\" src=\"https:\/\/www.cab.com.br\/wp-content\/uploads\/TrekkingCaminhosdoMar02.jpg\" alt=\"\" class=\"wp-image-9287\" srcset=\"https:\/\/www.cab.com.br\/wp-content\/uploads\/TrekkingCaminhosdoMar02.jpg 416w, https:\/\/www.cab.com.br\/wp-content\/uploads\/TrekkingCaminhosdoMar02-300x225.jpg 300w\" sizes=\"auto, (max-width: 416px) 100vw, 416px\" \/><\/figure>\n\n\n\n<figure class=\"wp-block-image size-large\"><img loading=\"lazy\" decoding=\"async\" width=\"416\" height=\"312\" data-id=\"9286\" src=\"https:\/\/www.cab.com.br\/wp-content\/uploads\/TrekkingCaminhosdoMar03.jpg\" alt=\"\" class=\"wp-image-9286\" srcset=\"https:\/\/www.cab.com.br\/wp-content\/uploads\/TrekkingCaminhosdoMar03.jpg 416w, https:\/\/www.cab.com.br\/wp-content\/uploads\/TrekkingCaminhosdoMar03-300x225.jpg 300w\" sizes=\"auto, (max-width: 416px) 100vw, 416px\" \/><\/figure>\n\n\n\n<figure class=\"wp-block-image size-large\"><img loading=\"lazy\" decoding=\"async\" width=\"416\" height=\"312\" data-id=\"9289\" src=\"https:\/\/www.cab.com.br\/wp-content\/uploads\/TrekkingCaminhosdoMar04.jpg\" alt=\"\" class=\"wp-image-9289\" srcset=\"https:\/\/www.cab.com.br\/wp-content\/uploads\/TrekkingCaminhosdoMar04.jpg 416w, https:\/\/www.cab.com.br\/wp-content\/uploads\/TrekkingCaminhosdoMar04-300x225.jpg 300w\" sizes=\"auto, (max-width: 416px) 100vw, 416px\" \/><\/figure>\n\n\n\n<figure class=\"wp-block-image size-large\"><img loading=\"lazy\" decoding=\"async\" width=\"416\" height=\"313\" data-id=\"9288\" src=\"https:\/\/www.cab.com.br\/wp-content\/uploads\/TrekkingCaminhosdoMar05.jpg\" alt=\"\" class=\"wp-image-9288\" srcset=\"https:\/\/www.cab.com.br\/wp-content\/uploads\/TrekkingCaminhosdoMar05.jpg 416w, https:\/\/www.cab.com.br\/wp-content\/uploads\/TrekkingCaminhosdoMar05-300x226.jpg 300w\" sizes=\"auto, (max-width: 416px) 100vw, 416px\" \/><\/figure>\n\n\n\n<figure class=\"wp-block-image size-large\"><img loading=\"lazy\" decoding=\"async\" width=\"416\" height=\"312\" data-id=\"9291\" src=\"https:\/\/www.cab.com.br\/wp-content\/uploads\/TrekkingCaminhosdoMar06.jpg\" alt=\"\" class=\"wp-image-9291\" srcset=\"https:\/\/www.cab.com.br\/wp-content\/uploads\/TrekkingCaminhosdoMar06.jpg 416w, https:\/\/www.cab.com.br\/wp-content\/uploads\/TrekkingCaminhosdoMar06-300x225.jpg 300w\" sizes=\"auto, (max-width: 416px) 100vw, 416px\" \/><\/figure>\n\n\n\n<figure class=\"wp-block-image size-large\"><img loading=\"lazy\" decoding=\"async\" width=\"416\" height=\"312\" data-id=\"9285\" src=\"https:\/\/www.cab.com.br\/wp-content\/uploads\/TrekkingCaminhosdoMar07.jpg\" alt=\"\" class=\"wp-image-9285\" srcset=\"https:\/\/www.cab.com.br\/wp-content\/uploads\/TrekkingCaminhosdoMar07.jpg 416w, https:\/\/www.cab.com.br\/wp-content\/uploads\/TrekkingCaminhosdoMar07-300x225.jpg 300w\" sizes=\"auto, (max-width: 416px) 100vw, 416px\" \/><\/figure>\n\n\n\n<figure class=\"wp-block-image size-large\"><img loading=\"lazy\" decoding=\"async\" width=\"416\" height=\"313\" data-id=\"9293\" src=\"https:\/\/www.cab.com.br\/wp-content\/uploads\/TrekkingCaminhosdoMar08.jpg\" alt=\"\" class=\"wp-image-9293\" srcset=\"https:\/\/www.cab.com.br\/wp-content\/uploads\/TrekkingCaminhosdoMar08.jpg 416w, https:\/\/www.cab.com.br\/wp-content\/uploads\/TrekkingCaminhosdoMar08-300x226.jpg 300w\" sizes=\"auto, (max-width: 416px) 100vw, 416px\" \/><\/figure>\n\n\n\n<figure class=\"wp-block-image size-large\"><img loading=\"lazy\" decoding=\"async\" width=\"416\" height=\"313\" data-id=\"9294\" src=\"https:\/\/www.cab.com.br\/wp-content\/uploads\/TrekkingCaminhosdoMar09.jpg\" alt=\"\" class=\"wp-image-9294\" srcset=\"https:\/\/www.cab.com.br\/wp-content\/uploads\/TrekkingCaminhosdoMar09.jpg 416w, https:\/\/www.cab.com.br\/wp-content\/uploads\/TrekkingCaminhosdoMar09-300x226.jpg 300w\" sizes=\"auto, (max-width: 416px) 100vw, 416px\" \/><\/figure>\n<\/figure>\n\n\n\n<p><strong>Programa\u00e7\u00e3o:<\/strong><\/p>\n\n\n\n<p>07h00 \u2013 Embarque para Traslado,<\/p>\n\n\n\n<p>08h30 \u2013 Chegada ao parque e in\u00edcio do Trekking,<\/p>\n\n\n\n<p>12h30 \u2013 Previs\u00e3o de t\u00e9rmino do Trekking.<\/p>\n\n\n\n<p>Ap\u00f3s o retorno tem op\u00e7\u00e3o de almo\u00e7o no Restaurante Mirante.<\/p>\n\n\n\n<p>As Informa\u00e7\u00f5es detalhadas ser\u00e3o enviadas aos inscritos 3 dias antes do evento.<\/p>\n\n\n\n<p>Op\u00e7\u00e3o de ir com seu carro pr\u00f3prio.<\/p>\n\n\n\n<p><strong>Trekking:<\/strong><\/p>\n\n\n\n<p>Total de 8k, inicio do trecho pavimentado 4k, depois in\u00edcio subida Cal\u00e7ada do Lorena, trecho em pedras 1,5k, final trilha plana misto terra batida 2,5k.<\/p>\n\n\n\n<p><strong>Inclui:<\/strong><\/p>\n\n\n\n<p>Idealiza\u00e7\u00e3o e produ\u00e7\u00e3o do evento,&nbsp;<a href=\"https:\/\/cab.com.br\/wp-content\/uploads\/cadastur.jpg\">CAB Cadastur<\/a>.<\/p>\n\n\n\n<p>Inscri\u00e7\u00e3o no evento.<\/p>\n\n\n\n<p>Guia CAB acompanhando o grupo.<\/p>\n\n\n\n<p>Transporte at\u00e9 o local (para quem optar com transporte incluso).<\/p>\n\n\n\n<p>Estacionamento para seu ve\u00edculo.<\/p>\n\n\n\n<p>Taxas parques e \u00e1reas privadas.<\/p>\n\n\n\n<p>Fotos e v\u00eddeos.<\/p>\n\n\n\n<p>Grupo Whatsapp do evento para compartilhar a experi\u00eancia e fotos.<\/p>\n\n\n\n<p>Suporte pr\u00e9 e p\u00f3s-passeio (o que levar, como chegar, etc.).<\/p>\n\n\n\n<p><strong>Valor:<\/strong><\/p>\n\n\n\n<p>4 x R$ 35,00 (sem transporte com estacionamento para seu carro)<\/p>\n\n\n\n<p>Pix com desconto R$ 125,00 (sem transporte com estacionamento para seu carro)<\/p>\n\n\n\n<p>4 x R$ 59,00 (com transporte)<\/p>\n\n\n\n<p>Pix com desconto R$ 219,00 (com transporte)<\/p>\n\n\n\n<div class=\"wp-block-buttons is-layout-flex wp-block-buttons-is-layout-flex\">\n<div class=\"wp-block-button\"><a class=\"wp-block-button__link wp-element-button\" href=\"https:\/\/wa.me\/5511991332058?text=Quero%20ir%20no%20Trekking%20Caminho%20do%20Mar\">Clique aqui e participe<\/a><\/div>\n<\/div>\n\n\n\n<figure class=\"wp-block-image\"><a href=\"https:\/\/www.cab.com.br\/?page_id=5495\"><img loading=\"lazy\" decoding=\"async\" width=\"124\" height=\"51\" src=\"https:\/\/www.cab.com.br\/wp-content\/uploads\/Clube-CAB-Etiqueta-Desconto.png\" alt=\"\" class=\"wp-image-6634\"\/><\/a><\/figure>\n\n\n\n<figure class=\"wp-block-embed is-type-wp-embed is-provider-cab-eventos-esportivos wp-block-embed-cab-eventos-esportivos\"><div class=\"wp-block-embed__wrapper\">\n<blockquote class=\"wp-embedded-content\" data-secret=\"f5LeP17gCb\"><a href=\"https:\/\/www.cab.com.br\/?page_id=3\">Participar, termos e condi\u00e7\u00f5es<\/a><\/blockquote><iframe loading=\"lazy\" class=\"wp-embedded-content\" sandbox=\"allow-scripts\" security=\"restricted\" style=\"position: absolute; visibility: hidden;\" title=\"&#8220;Participar, termos e condi\u00e7\u00f5es&#8221; &#8212; CAB Eventos Esportivos\" src=\"https:\/\/www.cab.com.br\/?page_id=3&#038;embed=true#?secret=tRWcFwz3Gb#?secret=f5LeP17gCb\" data-secret=\"f5LeP17gCb\" width=\"600\" height=\"338\" frameborder=\"0\" marginwidth=\"0\" marginheight=\"0\" scrolling=\"no\"><\/iframe>\n<\/div><\/figure>\n","protected":false},"excerpt":{"rendered":"<p>28 de Fevereiro. Uma aventura inesquec\u00edvel, roteiro de conjuga Hist\u00f3ria e Aventura, Trekking pela primeira via de acesso de pedras que ligada S\u00e3o Paulo ao Litoral. Passamos por monumentos hist\u00f3ricos<\/p>\n","protected":false},"author":1,"featured_media":9628,"comment_status":"closed","ping_status":"open","sticky":false,"template":"","format":"standard","meta":{"footnotes":""},"categories":[2,669],"tags":[39,31,479,480,436,685,779,577,778,780],"class_list":["post-9272","post","type-post","status-publish","format-standard","has-post-thumbnail","hentry","category-proximos-eventos","category-trekking-trip","tag-cab","tag-cab-eventos-esportivos","tag-caminho-do-mar","tag-caminhos-do-mar","tag-trekking","tag-trekking-cab","tag-trekking-caminhos-do-mar","tag-trekking-day","tag-trekking-day-caminho-do-mar","tag-trekking-day-caminhos-do-mar"],"_links":{"self":[{"href":"https:\/\/www.cab.com.br\/index.php?rest_route=\/wp\/v2\/posts\/9272","targetHints":{"allow":["GET"]}}],"collection":[{"href":"https:\/\/www.cab.com.br\/index.php?rest_route=\/wp\/v2\/posts"}],"about":[{"href":"https:\/\/www.cab.com.br\/index.php?rest_route=\/wp\/v2\/types\/post"}],"author":[{"embeddable":true,"href":"https:\/\/www.cab.com.br\/index.php?rest_route=\/wp\/v2\/users\/1"}],"replies":[{"embeddable":true,"href":"https:\/\/www.cab.com.br\/index.php?rest_route=%2Fwp%2Fv2%2Fcomments&post=9272"}],"version-history":[{"count":14,"href":"https:\/\/www.cab.com.br\/index.php?rest_route=\/wp\/v2\/posts\/9272\/revisions"}],"predecessor-version":[{"id":9621,"href":"https:\/\/www.cab.com.br\/index.php?rest_route=\/wp\/v2\/posts\/9272\/revisions\/9621"}],"wp:featuredmedia":[{"embeddable":true,"href":"https:\/\/www.cab.com.br\/index.php?rest_route=\/wp\/v2\/media\/9628"}],"wp:attachment":[{"href":"https:\/\/www.cab.com.br\/index.php?rest_route=%2Fwp%2Fv2%2Fmedia&parent=9272"}],"wp:term":[{"taxonomy":"category","embeddable":true,"href":"https:\/\/www.cab.com.br\/index.php?rest_route=%2Fwp%2Fv2%2Fcategories&post=9272"},{"taxonomy":"post_tag","embeddable":true,"href":"https:\/\/www.cab.com.br\/index.php?rest_route=%2Fwp%2Fv2%2Ftags&post=9272"}],"curies":[{"name":"wp","href":"https:\/\/api.w.org\/{rel}","templated":true}]}}