{"id":9217,"date":"2023-01-22T14:40:08","date_gmt":"2023-01-22T14:40:08","guid":{"rendered":"https:\/\/www.cab.com.br\/?p=9217"},"modified":"2026-03-23T10:32:00","modified_gmt":"2026-03-23T10:32:00","slug":"cachoeiras-de-carrancas","status":"publish","type":"post","link":"https:\/\/www.cab.com.br\/?p=9217","title":{"rendered":"Biking Trip Cachoeiras de Carrancas"},"content":{"rendered":"\n<p>12 a 15 de Mar\u00e7o. Vamos nos deliciar nas incr\u00edveis cachoeiras da regi\u00e3o, al\u00e9m de 3 pedais incr\u00edveis sendo um pedal noturno. Hotel com piscina e op\u00e7\u00e3o de transporte ou ir com seu carro.<\/p>\n\n\n\n<p>Regi\u00e3o cercada de lindas cachoeiras que al\u00e9m de um banho rendem lindas recorda\u00e7\u00f5es!<\/p>\n\n\n\n<p>Venha curtir esse final de semana com pedal, amigos, cachoeiras, montanhas e muita divers\u00e3o!<\/p>\n\n\n\n<p>Prepare-se para tirar muitas fotos! \u00d3timo para voo de drone tamb\u00e9m.<\/p>\n\n\n\n<p>Vagas limitadas!<\/p>\n\n\n\n<p><strong>Atra\u00e7\u00f5es:<\/strong><\/p>\n\n\n\n<figure class=\"wp-block-gallery has-nested-images columns-default is-cropped wp-block-gallery-1 is-layout-flex wp-block-gallery-is-layout-flex\">\n<figure class=\"wp-block-image size-large\"><img loading=\"lazy\" decoding=\"async\" width=\"416\" height=\"313\" data-id=\"9303\" src=\"https:\/\/www.cab.com.br\/wp-content\/uploads\/carrancas-01.jpg\" alt=\"\" class=\"wp-image-9303\" srcset=\"https:\/\/www.cab.com.br\/wp-content\/uploads\/carrancas-01.jpg 416w, https:\/\/www.cab.com.br\/wp-content\/uploads\/carrancas-01-300x226.jpg 300w\" sizes=\"auto, (max-width: 416px) 100vw, 416px\" \/><figcaption class=\"wp-element-caption\">Centro Hist\u00f3rico<\/figcaption><\/figure>\n\n\n\n<figure class=\"wp-block-image size-large\"><img loading=\"lazy\" decoding=\"async\" width=\"491\" height=\"369\" data-id=\"9301\" src=\"https:\/\/www.cab.com.br\/wp-content\/uploads\/carrancas-04.jpg\" alt=\"\" class=\"wp-image-9301\" srcset=\"https:\/\/www.cab.com.br\/wp-content\/uploads\/carrancas-04.jpg 491w, https:\/\/www.cab.com.br\/wp-content\/uploads\/carrancas-04-300x225.jpg 300w\" sizes=\"auto, (max-width: 491px) 100vw, 491px\" \/><figcaption class=\"wp-element-caption\">Complexo da Zilda<\/figcaption><\/figure>\n\n\n\n<figure class=\"wp-block-image size-large\"><img loading=\"lazy\" decoding=\"async\" width=\"491\" height=\"369\" data-id=\"9302\" src=\"https:\/\/www.cab.com.br\/wp-content\/uploads\/carrancas-03.jpg\" alt=\"\" class=\"wp-image-9302\" srcset=\"https:\/\/www.cab.com.br\/wp-content\/uploads\/carrancas-03.jpg 491w, https:\/\/www.cab.com.br\/wp-content\/uploads\/carrancas-03-300x225.jpg 300w\" sizes=\"auto, (max-width: 491px) 100vw, 491px\" \/><figcaption class=\"wp-element-caption\">Complexo da Zilda<\/figcaption><\/figure>\n\n\n\n<figure class=\"wp-block-image size-large\"><img loading=\"lazy\" decoding=\"async\" width=\"491\" height=\"369\" data-id=\"9304\" src=\"https:\/\/www.cab.com.br\/wp-content\/uploads\/carrancas-02.jpg\" alt=\"\" class=\"wp-image-9304\" srcset=\"https:\/\/www.cab.com.br\/wp-content\/uploads\/carrancas-02.jpg 491w, https:\/\/www.cab.com.br\/wp-content\/uploads\/carrancas-02-300x225.jpg 300w\" sizes=\"auto, (max-width: 491px) 100vw, 491px\" \/><figcaption class=\"wp-element-caption\">Complexo da Zilda<\/figcaption><\/figure>\n\n\n\n<figure class=\"wp-block-image size-large\"><img loading=\"lazy\" decoding=\"async\" width=\"416\" height=\"313\" data-id=\"9308\" src=\"https:\/\/www.cab.com.br\/wp-content\/uploads\/carrancas-05.jpg\" alt=\"\" class=\"wp-image-9308\" srcset=\"https:\/\/www.cab.com.br\/wp-content\/uploads\/carrancas-05.jpg 416w, https:\/\/www.cab.com.br\/wp-content\/uploads\/carrancas-05-300x226.jpg 300w\" sizes=\"auto, (max-width: 416px) 100vw, 416px\" \/><figcaption class=\"wp-element-caption\">Pedal no trecho da Estrada Real<\/figcaption><\/figure>\n\n\n\n<figure class=\"wp-block-image size-large\"><img loading=\"lazy\" decoding=\"async\" width=\"416\" height=\"313\" data-id=\"9309\" src=\"https:\/\/www.cab.com.br\/wp-content\/uploads\/carrancas-06.jpg\" alt=\"\" class=\"wp-image-9309\" srcset=\"https:\/\/www.cab.com.br\/wp-content\/uploads\/carrancas-06.jpg 416w, https:\/\/www.cab.com.br\/wp-content\/uploads\/carrancas-06-300x226.jpg 300w\" sizes=\"auto, (max-width: 416px) 100vw, 416px\" \/><figcaption class=\"wp-element-caption\">Alto da Serra e P\u00f4r do Sol<\/figcaption><\/figure>\n\n\n\n<figure class=\"wp-block-image size-large\"><img loading=\"lazy\" decoding=\"async\" width=\"416\" height=\"312\" data-id=\"9311\" src=\"https:\/\/www.cab.com.br\/wp-content\/uploads\/carrancas-07.jpg\" alt=\"\" class=\"wp-image-9311\" srcset=\"https:\/\/www.cab.com.br\/wp-content\/uploads\/carrancas-07.jpg 416w, https:\/\/www.cab.com.br\/wp-content\/uploads\/carrancas-07-300x225.jpg 300w\" sizes=\"auto, (max-width: 416px) 100vw, 416px\" \/><figcaption class=\"wp-element-caption\">Cachoeira V\u00e9u de Noiva<\/figcaption><\/figure>\n\n\n\n<figure class=\"wp-block-image size-large\"><img loading=\"lazy\" decoding=\"async\" width=\"416\" height=\"313\" data-id=\"9312\" src=\"https:\/\/www.cab.com.br\/wp-content\/uploads\/carrancas-08.jpg\" alt=\"\" class=\"wp-image-9312\" srcset=\"https:\/\/www.cab.com.br\/wp-content\/uploads\/carrancas-08.jpg 416w, https:\/\/www.cab.com.br\/wp-content\/uploads\/carrancas-08-300x226.jpg 300w\" sizes=\"auto, (max-width: 416px) 100vw, 416px\" \/><figcaption class=\"wp-element-caption\">Cachoeira da Toca<\/figcaption><\/figure>\n\n\n\n<figure class=\"wp-block-image size-large\"><img loading=\"lazy\" decoding=\"async\" width=\"416\" height=\"313\" data-id=\"9314\" src=\"https:\/\/www.cab.com.br\/wp-content\/uploads\/carrancas-09.jpg\" alt=\"\" class=\"wp-image-9314\" srcset=\"https:\/\/www.cab.com.br\/wp-content\/uploads\/carrancas-09.jpg 416w, https:\/\/www.cab.com.br\/wp-content\/uploads\/carrancas-09-300x226.jpg 300w\" sizes=\"auto, (max-width: 416px) 100vw, 416px\" \/><figcaption class=\"wp-element-caption\">Cachoeira da Fuma\u00e7a<\/figcaption><\/figure>\n\n\n\n<figure class=\"wp-block-image size-full\"><img loading=\"lazy\" decoding=\"async\" width=\"416\" height=\"313\" data-id=\"9318\" src=\"https:\/\/www.cab.com.br\/wp-content\/uploads\/carrancas-10-1.jpg\" alt=\"\" class=\"wp-image-9318\" srcset=\"https:\/\/www.cab.com.br\/wp-content\/uploads\/carrancas-10-1.jpg 416w, https:\/\/www.cab.com.br\/wp-content\/uploads\/carrancas-10-1-300x226.jpg 300w\" sizes=\"auto, (max-width: 416px) 100vw, 416px\" \/><figcaption class=\"wp-element-caption\">Hotel Quartos<\/figcaption><\/figure>\n\n\n\n<figure class=\"wp-block-image size-large\"><img loading=\"lazy\" decoding=\"async\" width=\"416\" height=\"313\" data-id=\"9319\" src=\"https:\/\/www.cab.com.br\/wp-content\/uploads\/carrancas-11-1.jpg\" alt=\"\" class=\"wp-image-9319\" srcset=\"https:\/\/www.cab.com.br\/wp-content\/uploads\/carrancas-11-1.jpg 416w, https:\/\/www.cab.com.br\/wp-content\/uploads\/carrancas-11-1-300x226.jpg 300w\" sizes=\"auto, (max-width: 416px) 100vw, 416px\" \/><figcaption class=\"wp-element-caption\">Hotel Piscina<\/figcaption><\/figure>\n\n\n\n<figure class=\"wp-block-image size-large\"><img loading=\"lazy\" decoding=\"async\" width=\"416\" height=\"313\" data-id=\"9320\" src=\"https:\/\/www.cab.com.br\/wp-content\/uploads\/carrancas-12.jpg\" alt=\"\" class=\"wp-image-9320\" srcset=\"https:\/\/www.cab.com.br\/wp-content\/uploads\/carrancas-12.jpg 416w, https:\/\/www.cab.com.br\/wp-content\/uploads\/carrancas-12-300x226.jpg 300w\" sizes=\"auto, (max-width: 416px) 100vw, 416px\" \/><figcaption class=\"wp-element-caption\">Hotel Caf\u00e9 da Manh\u00e3<\/figcaption><\/figure>\n<\/figure>\n\n\n\n<p>E muito mais\u2026<\/p>\n\n\n\n<p><strong>Incluso:<\/strong><\/p>\n\n\n\n<p>Transporte em Van Executiva Luxo (Pode ir com seu carro).<\/p>\n\n\n\n<p>Hospedagem su\u00edte casal\/dupla (op\u00e7\u00e3o de single, consulte).<\/p>\n\n\n\n<p>Taxas entradas parques.<\/p>\n\n\n\n<p>Idealiza\u00e7\u00e3o e produ\u00e7\u00e3o do evento,&nbsp;<a href=\"https:\/\/cab.com.br\/wp-content\/uploads\/cadastur.jpg\">CAB Cadastur<\/a>.<\/p>\n\n\n\n<p>Guia CAB acompanhando o grupo.<\/p>\n\n\n\n<p>Fotos e v\u00eddeos.<\/p>\n\n\n\n<p>Grupo Whatsapp do evento para compartilhar a experi\u00eancia e fotos.<\/p>\n\n\n\n<p><strong>Pedais:<\/strong><\/p>\n\n\n\n<p>Ride 1, 18k + 310m. Pedal noturno p\u00f4r do Sol, mirante, serrinha, trecho da Estrada Real.<\/p>\n\n\n\n<p>Ride 2, 28k + 450m. Pedal Cachoeira da Fuma\u00e7a, super Instagram\u00e1vel e Complexo Esmeralda, incr\u00edvel com suas  piscinas naturais de \u00e1gua transparente, v\u00e1rias cachoeiras e corredeiras.<\/p>\n\n\n\n<p>Ride 3, 30k + 610m. Complexo da Zilda, pedal pelo trecho da Estrada Real at\u00e9 o parque de cachoeiras, local com estrutura e podemos ficar l\u00e1 curtindo tudo por um bom tempo todas as cachoeiras e demais atra\u00e7\u00f5es.<\/p>\n\n\n\n<p><strong>Programa\u00e7\u00e3o:<\/strong><\/p>\n\n\n\n<p>12\/03 &#8211; 6h Traslado SP a Carrancas<\/p>\n\n\n\n<p>12\/03 &#8211; 14h Check-in liberado<\/p>\n\n\n\n<p>12\/03 &#8211; 16h Pedal Noturno P\u00f4r do Sol<\/p>\n\n\n\n<p>13\/03 &#8211; 8h Pedal Cachoeiras V\u00e9u de Noiva e Esmeralda<\/p>\n\n\n\n<p>14\/03 &#8211; 8h Pedal Complexo da Zilda, Cachoeiras e muito mais.<\/p>\n\n\n\n<p>15\/03 &#8211; 10h Traslado Carrancas a SP<\/p>\n\n\n\n<p><strong>Valor<\/strong>:<\/p>\n\n\n\n<p>Em breve<\/p>\n\n\n\n<div class=\"wp-block-buttons is-layout-flex wp-block-buttons-is-layout-flex\">\n<div class=\"wp-block-button\"><a class=\"wp-block-button__link wp-element-button\" href=\"https:\/\/wa.me\/5511991332058?text=Quero%20pedalar%20em%20Carrancas\">clique aqui para Participar<\/a><\/div>\n<\/div>\n\n\n\n<figure class=\"wp-block-image\"><a href=\"https:\/\/www.cab.com.br\/?page_id=5495\"><img loading=\"lazy\" decoding=\"async\" width=\"124\" height=\"51\" src=\"https:\/\/www.cab.com.br\/wp-content\/uploads\/Clube-CAB-Etiqueta-Desconto.png\" alt=\"\" class=\"wp-image-6634\"\/><\/a><\/figure>\n\n\n\n<figure class=\"wp-block-embed is-type-wp-embed is-provider-cab-eventos-esportivos wp-block-embed-cab-eventos-esportivos\"><div class=\"wp-block-embed__wrapper\">\n<blockquote class=\"wp-embedded-content\" data-secret=\"p2H7W6K5vM\"><a href=\"https:\/\/www.cab.com.br\/?page_id=3\">Participar, termos e condi\u00e7\u00f5es<\/a><\/blockquote><iframe loading=\"lazy\" class=\"wp-embedded-content\" sandbox=\"allow-scripts\" security=\"restricted\" style=\"position: absolute; visibility: hidden;\" title=\"&#8220;Participar, termos e condi\u00e7\u00f5es&#8221; &#8212; CAB Eventos Esportivos\" src=\"https:\/\/www.cab.com.br\/?page_id=3&#038;embed=true#?secret=lIoPR7e3NE#?secret=p2H7W6K5vM\" data-secret=\"p2H7W6K5vM\" width=\"600\" height=\"338\" frameborder=\"0\" marginwidth=\"0\" marginheight=\"0\" scrolling=\"no\"><\/iframe>\n<\/div><\/figure>\n","protected":false},"excerpt":{"rendered":"<p>12 a 15 de Mar\u00e7o. Vamos nos deliciar nas incr\u00edveis cachoeiras da regi\u00e3o, al\u00e9m de 3 pedais incr\u00edveis sendo um pedal noturno. Hotel com piscina e op\u00e7\u00e3o de transporte ou<\/p>\n","protected":false},"author":1,"featured_media":9218,"comment_status":"closed","ping_status":"open","sticky":false,"template":"","format":"standard","meta":{"footnotes":""},"categories":[668,2],"tags":[772,771,39,31,768,767,766,106,105,43,32,55,42,770,769,765,108,107,773],"class_list":["post-9217","post","type-post","status-publish","format-standard","has-post-thumbnail","hentry","category-biking-trip","category-proximos-eventos","tag-biking-trip","tag-biking-trip-carrancas","tag-cab","tag-cab-eventos-esportivos","tag-cachoeira-carrancas","tag-cachoeiras-em-carrancas","tag-carrancas","tag-ciclo-viagem","tag-cicloviagem","tag-cicloviagens","tag-clube-dos-amigos-da-bike","tag-eventos","tag-eventos-esportivos","tag-pedal-em-carrancas","tag-trilha-de-bike-em-carrancas","tag-trilha-em-carrancas","tag-trilhas-de-bicicleta","tag-trilhas-de-mtb","tag-trip-em-carrancas"],"_links":{"self":[{"href":"https:\/\/www.cab.com.br\/index.php?rest_route=\/wp\/v2\/posts\/9217","targetHints":{"allow":["GET"]}}],"collection":[{"href":"https:\/\/www.cab.com.br\/index.php?rest_route=\/wp\/v2\/posts"}],"about":[{"href":"https:\/\/www.cab.com.br\/index.php?rest_route=\/wp\/v2\/types\/post"}],"author":[{"embeddable":true,"href":"https:\/\/www.cab.com.br\/index.php?rest_route=\/wp\/v2\/users\/1"}],"replies":[{"embeddable":true,"href":"https:\/\/www.cab.com.br\/index.php?rest_route=%2Fwp%2Fv2%2Fcomments&post=9217"}],"version-history":[{"count":29,"href":"https:\/\/www.cab.com.br\/index.php?rest_route=\/wp\/v2\/posts\/9217\/revisions"}],"predecessor-version":[{"id":9795,"href":"https:\/\/www.cab.com.br\/index.php?rest_route=\/wp\/v2\/posts\/9217\/revisions\/9795"}],"wp:featuredmedia":[{"embeddable":true,"href":"https:\/\/www.cab.com.br\/index.php?rest_route=\/wp\/v2\/media\/9218"}],"wp:attachment":[{"href":"https:\/\/www.cab.com.br\/index.php?rest_route=%2Fwp%2Fv2%2Fmedia&parent=9217"}],"wp:term":[{"taxonomy":"category","embeddable":true,"href":"https:\/\/www.cab.com.br\/index.php?rest_route=%2Fwp%2Fv2%2Fcategories&post=9217"},{"taxonomy":"post_tag","embeddable":true,"href":"https:\/\/www.cab.com.br\/index.php?rest_route=%2Fwp%2Fv2%2Ftags&post=9217"}],"curies":[{"name":"wp","href":"https:\/\/api.w.org\/{rel}","templated":true}]}}