{"id":8831,"date":"2025-10-14T14:47:50","date_gmt":"2025-10-14T14:47:50","guid":{"rendered":"https:\/\/www.cab.com.br\/?p=8831"},"modified":"2025-10-14T16:57:36","modified_gmt":"2025-10-14T16:57:36","slug":"informacoes-estrada-real-espetacular-2025","status":"publish","type":"post","link":"https:\/\/www.cab.com.br\/?p=8831","title":{"rendered":"Informa\u00e7\u00f5es Estrada Real Espetacular 2025"},"content":{"rendered":"\n<p><strong>16 de Outubro &#8211; Sexta-feira<\/strong><\/p>\n\n\n\n<p>Viagem Van SP a BH.<\/p>\n\n\n\n<p><a href=\"https:\/\/www.instagram.com\/hotelnacionalinnbh\/\" data-type=\"link\" data-id=\"https:\/\/www.instagram.com\/hotelnacionalinnbh\/\">Hotel Nacional Inn Belo Horizonte<\/a><\/p>\n\n\n\n<p><strong>17 de Outubro &#8211; S\u00e1bado<\/strong><\/p>\n\n\n\n<p>Esquenta da viagem, podemos combinar ao para almo\u00e7o\/jantar em BH.<\/p>\n\n\n\n<p><a href=\"https:\/\/www.instagram.com\/hotelnacionalinnbh\/\" data-type=\"link\" data-id=\"https:\/\/www.instagram.com\/hotelnacionalinnbh\/\">Hotel Nacional Inn Belo Horizonte<\/a><\/p>\n\n\n\n<p><strong>18 de Outubro &#8211; Domingo<\/strong><\/p>\n\n\n\n<p>05h30 caf\u00e9 da manh\u00e3.<\/p>\n\n\n\n<p>06h30 sa\u00edda a p\u00e9 para a esta\u00e7\u00e3o de trem.<\/p>\n\n\n\n<p>06h45 embarque no trem da Vale.<\/p>\n\n\n\n<p>09h00 desembarque na Esta\u00e7\u00e3o Dois Irm\u00e3os.<\/p>\n\n\n\n<p>09h30 traslado para Santa B\u00e1rbara.<\/p>\n\n\n\n<p>11h00 chegada em Santa B\u00e1rbara, almo\u00e7o.<\/p>\n\n\n\n<p>14h00 check-in hotel.<\/p>\n\n\n\n<p><a href=\"https:\/\/www.instagram.com\/hotelquadrado\/\" data-type=\"link\" data-id=\"https:\/\/www.instagram.com\/hotelquadrado\/\">Hotel Quadrado Santa B\u00e1rbara<\/a><\/p>\n\n\n\n<p><strong>19 de Outubro &#8211; Segunda-feira<\/strong><\/p>\n\n\n\n<p>07h00 caf\u00e9 da manh\u00e3.<\/p>\n\n\n\n<p>08h00 traslado Van at\u00e9 Cocais.<\/p>\n\n\n\n<p>09h00 pedal cachoeiras e pinturas rupestres, 16k + 580m. <a href=\"https:\/\/drive.google.com\/file\/d\/16Glqs6wkd2YH2YfbKKJLezTe1YbeL_lc\/view?usp=drive_link\" data-type=\"link\" data-id=\"https:\/\/drive.google.com\/file\/d\/16Glqs6wkd2YH2YfbKKJLezTe1YbeL_lc\/view?usp=drive_link\">Arquivo .gpx<\/a><\/p>\n\n\n\n<p>12h00 fim do pedal, almo\u00e7o, retorno ao hotel.<\/p>\n\n\n\n<p><a href=\"https:\/\/www.instagram.com\/hotelquadrado\/\" data-type=\"link\" data-id=\"https:\/\/www.instagram.com\/hotelquadrado\/\">Hotel Quadrado Santa B\u00e1rbara<\/a><\/p>\n\n\n\n<p><strong>20 de Outubro &#8211; Ter\u00e7a-feira<\/strong><\/p>\n\n\n\n<p>07h00 caf\u00e9 da manh\u00e3.<\/p>\n\n\n\n<p>08h00 pedal Santa B\u00e1rbara a Catas Altas, 21k + 580m. <a href=\"https:\/\/drive.google.com\/file\/d\/1tk4R3U-PpFIp3uBTlEn31NKNl4wIeE8u\/view?usp=drive_link\" data-type=\"link\" data-id=\"https:\/\/drive.google.com\/file\/d\/1tk4R3U-PpFIp3uBTlEn31NKNl4wIeE8u\/view?usp=drive_link\">Arquivo .gpx<\/a><\/p>\n\n\n\n<p>12h00 fim do pedal, almo\u00e7o.<\/p>\n\n\n\n<p>14h00 check-in pousada.<\/p>\n\n\n\n<p><a href=\"https:\/\/www.instagram.com\/pousadajardimdoselefantes\/\" data-type=\"link\" data-id=\"https:\/\/www.instagram.com\/pousadajardimdoselefantes\/\">Pousada Jardim dos Elefantes Catas Altas<\/a><\/p>\n\n\n\n<p><strong>21 de Outubro &#8211; Quarta-feira<\/strong><\/p>\n\n\n\n<p>07h00 caf\u00e9 da manh\u00e3.<\/p>\n\n\n\n<p>08h00 pedal cachoeiras de Catas Altas, 7k + 190m. <a href=\"https:\/\/drive.google.com\/file\/d\/18Z2jcX8EV7VSrAYMkylnwyu7Wez30q5x\/view?usp=drive_link\" data-type=\"link\" data-id=\"https:\/\/drive.google.com\/file\/d\/18Z2jcX8EV7VSrAYMkylnwyu7Wez30q5x\/view?usp=drive_link\">Arquivo .gpx<\/a><\/p>\n\n\n\n<p>11h00 fim do pedal, check-out pousada, almo\u00e7o e traslado para Mariana.<\/p>\n\n\n\n<p><a href=\"https:\/\/www.instagram.com\/hotelmullermariana\/\" data-type=\"link\" data-id=\"https:\/\/www.instagram.com\/hotelmullermariana\/\">Hotel Muller Mariana<\/a><\/p>\n\n\n\n<p><strong>22 de Outubro &#8211; Quinta-feira<\/strong><\/p>\n\n\n\n<p>07h00 caf\u00e9 da manh\u00e3.<\/p>\n\n\n\n<p>08h00 pedal at\u00e9 Ouro Preto, 17k + 680m. <a href=\"https:\/\/drive.google.com\/file\/d\/14Mze57BBQSt1BI0cq5cbU-XuAR0zfuzO\/view?usp=drive_link\" data-type=\"link\" data-id=\"https:\/\/drive.google.com\/file\/d\/14Mze57BBQSt1BI0cq5cbU-XuAR0zfuzO\/view?usp=drive_link\">Arquivo .gpx<\/a><\/p>\n\n\n\n<p>12h00 final do pedal, almo\u00e7o em Ouro-Preto check-in no hotel.<\/p>\n\n\n\n<p><a href=\"https:\/\/www.instagram.com\/boronipalace\/\" data-type=\"link\" data-id=\"https:\/\/www.instagram.com\/boronipalace\/\">Hotel Barone Palace Ouro Preto<\/a><\/p>\n\n\n\n<p><strong>23 de Outubro &#8211; Sexta-feira<\/strong><\/p>\n\n\n\n<p>07h00 caf\u00e9 da manh\u00e3.<\/p>\n\n\n\n<p>08h00 pedal at\u00e9 o Parque das Andorinhas, 10k + 380m. <a href=\"https:\/\/drive.google.com\/file\/d\/1bIEgVnsMXJkF7FqdI_JqlVjnU0lUQHJI\/view?usp=drive_link\" data-type=\"link\" data-id=\"https:\/\/drive.google.com\/file\/d\/1bIEgVnsMXJkF7FqdI_JqlVjnU0lUQHJI\/view?usp=drive_link\">Arquivo .gpx<\/a><\/p>\n\n\n\n<p>12h00 final do pedal, almo\u00e7o.<\/p>\n\n\n\n<p><strong>24 de Outubro &#8211; S\u00e1bado<\/strong><\/p>\n\n\n\n<p>07h00 caf\u00e9 da manh\u00e3.<\/p>\n\n\n\n<p>09h00 traslado aeroporto, traslado van para SP.<\/p>\n","protected":false},"excerpt":{"rendered":"<p>16 de Outubro &#8211; Sexta-feira Viagem Van SP a BH. Hotel Nacional Inn Belo Horizonte 17 de Outubro &#8211; S\u00e1bado Esquenta da viagem, podemos combinar ao para almo\u00e7o\/jantar em BH.<\/p>\n","protected":false},"author":1,"featured_media":0,"comment_status":"closed","ping_status":"open","sticky":false,"template":"","format":"standard","meta":{"footnotes":""},"categories":[150],"tags":[],"class_list":["post-8831","post","type-post","status-publish","format-standard","hentry","category-informacoes-dos-eventos"],"_links":{"self":[{"href":"https:\/\/www.cab.com.br\/index.php?rest_route=\/wp\/v2\/posts\/8831","targetHints":{"allow":["GET"]}}],"collection":[{"href":"https:\/\/www.cab.com.br\/index.php?rest_route=\/wp\/v2\/posts"}],"about":[{"href":"https:\/\/www.cab.com.br\/index.php?rest_route=\/wp\/v2\/types\/post"}],"author":[{"embeddable":true,"href":"https:\/\/www.cab.com.br\/index.php?rest_route=\/wp\/v2\/users\/1"}],"replies":[{"embeddable":true,"href":"https:\/\/www.cab.com.br\/index.php?rest_route=%2Fwp%2Fv2%2Fcomments&post=8831"}],"version-history":[{"count":21,"href":"https:\/\/www.cab.com.br\/index.php?rest_route=\/wp\/v2\/posts\/8831\/revisions"}],"predecessor-version":[{"id":8852,"href":"https:\/\/www.cab.com.br\/index.php?rest_route=\/wp\/v2\/posts\/8831\/revisions\/8852"}],"wp:attachment":[{"href":"https:\/\/www.cab.com.br\/index.php?rest_route=%2Fwp%2Fv2%2Fmedia&parent=8831"}],"wp:term":[{"taxonomy":"category","embeddable":true,"href":"https:\/\/www.cab.com.br\/index.php?rest_route=%2Fwp%2Fv2%2Fcategories&post=8831"},{"taxonomy":"post_tag","embeddable":true,"href":"https:\/\/www.cab.com.br\/index.php?rest_route=%2Fwp%2Fv2%2Ftags&post=8831"}],"curies":[{"name":"wp","href":"https:\/\/api.w.org\/{rel}","templated":true}]}}