{"id":8772,"date":"2025-03-10T13:31:18","date_gmt":"2025-03-10T13:31:18","guid":{"rendered":"https:\/\/www.cab.com.br\/?p=8772"},"modified":"2026-03-16T19:56:28","modified_gmt":"2026-03-16T19:56:28","slug":"biking-trip-em-paraty","status":"publish","type":"post","link":"https:\/\/www.cab.com.br\/?p=8772","title":{"rendered":"Biking Trip em Paraty"},"content":{"rendered":"\n<p>20 a 22 de Novembro. Biking Trip. Feriado curtindo o melhor em Paraty!<\/p>\n\n\n\n<p>Praias, Cachoeiras, Passeios no Centro Hist\u00f3rico, Gastronomia, Cultura e muita divers\u00e3o.<\/p>\n\n\n\n<p>Um roteiro incr\u00edvel onde s\u00f3 a Bike pode te levar. Pedal e divers\u00e3o!<\/p>\n\n\n\n<p>Embarque em nossa Van com sua Bike e curta essa aventura, ou pode ir com seu carro.<\/p>\n\n\n\n<p>Pedais pela manh\u00e3, tarde\/noite tem praia, gastronomia, passeios no centro e descanso.<\/p>\n\n\n\n<p><strong>Atra\u00e7\u00f5es:<\/strong><\/p>\n\n\n\n<figure class=\"wp-block-gallery has-nested-images columns-default is-cropped wp-block-gallery-1 is-layout-flex wp-block-gallery-is-layout-flex\">\n<figure class=\"wp-block-image size-large\"><img loading=\"lazy\" decoding=\"async\" width=\"416\" height=\"312\" data-id=\"8800\" src=\"https:\/\/www.cab.com.br\/wp-content\/uploads\/paraty-10.jpg\" alt=\"\" class=\"wp-image-8800\" srcset=\"https:\/\/www.cab.com.br\/wp-content\/uploads\/paraty-10.jpg 416w, https:\/\/www.cab.com.br\/wp-content\/uploads\/paraty-10-300x225.jpg 300w\" sizes=\"auto, (max-width: 416px) 100vw, 416px\" \/><figcaption class=\"wp-element-caption\">Paraty<\/figcaption><\/figure>\n\n\n\n<figure class=\"wp-block-image size-large\"><img loading=\"lazy\" decoding=\"async\" width=\"416\" height=\"312\" data-id=\"8782\" src=\"https:\/\/www.cab.com.br\/wp-content\/uploads\/paraty-01.jpg\" alt=\"\" class=\"wp-image-8782\" srcset=\"https:\/\/www.cab.com.br\/wp-content\/uploads\/paraty-01.jpg 416w, https:\/\/www.cab.com.br\/wp-content\/uploads\/paraty-01-300x225.jpg 300w\" sizes=\"auto, (max-width: 416px) 100vw, 416px\" \/><figcaption class=\"wp-element-caption\">Centro Hist\u00f3rico<\/figcaption><\/figure>\n\n\n\n<figure class=\"wp-block-image size-large\"><img loading=\"lazy\" decoding=\"async\" width=\"416\" height=\"312\" data-id=\"8798\" src=\"https:\/\/www.cab.com.br\/wp-content\/uploads\/paraty-09.jpg\" alt=\"\" class=\"wp-image-8798\" srcset=\"https:\/\/www.cab.com.br\/wp-content\/uploads\/paraty-09.jpg 416w, https:\/\/www.cab.com.br\/wp-content\/uploads\/paraty-09-300x225.jpg 300w\" sizes=\"auto, (max-width: 416px) 100vw, 416px\" \/><figcaption class=\"wp-element-caption\">Centro Historico<\/figcaption><\/figure>\n\n\n\n<figure class=\"wp-block-image size-large\"><img loading=\"lazy\" decoding=\"async\" width=\"416\" height=\"312\" data-id=\"8784\" src=\"https:\/\/www.cab.com.br\/wp-content\/uploads\/paraty-02.jpg\" alt=\"\" class=\"wp-image-8784\" srcset=\"https:\/\/www.cab.com.br\/wp-content\/uploads\/paraty-02.jpg 416w, https:\/\/www.cab.com.br\/wp-content\/uploads\/paraty-02-300x225.jpg 300w\" sizes=\"auto, (max-width: 416px) 100vw, 416px\" \/><figcaption class=\"wp-element-caption\">Praia do Jabaquara<\/figcaption><\/figure>\n\n\n\n<figure class=\"wp-block-image size-large\"><img loading=\"lazy\" decoding=\"async\" width=\"416\" height=\"312\" data-id=\"8786\" src=\"https:\/\/www.cab.com.br\/wp-content\/uploads\/paraty-03.jpg\" alt=\"\" class=\"wp-image-8786\" srcset=\"https:\/\/www.cab.com.br\/wp-content\/uploads\/paraty-03.jpg 416w, https:\/\/www.cab.com.br\/wp-content\/uploads\/paraty-03-300x225.jpg 300w\" sizes=\"auto, (max-width: 416px) 100vw, 416px\" \/><figcaption class=\"wp-element-caption\">Cachoeira Tobog\u00e3<\/figcaption><\/figure>\n\n\n\n<figure class=\"wp-block-image size-large\"><img loading=\"lazy\" decoding=\"async\" width=\"416\" height=\"308\" data-id=\"8788\" src=\"https:\/\/www.cab.com.br\/wp-content\/uploads\/paraty-04.jpg\" alt=\"\" class=\"wp-image-8788\" srcset=\"https:\/\/www.cab.com.br\/wp-content\/uploads\/paraty-04.jpg 416w, https:\/\/www.cab.com.br\/wp-content\/uploads\/paraty-04-300x222.jpg 300w\" sizes=\"auto, (max-width: 416px) 100vw, 416px\" \/><figcaption class=\"wp-element-caption\">Cachoeira P. Branca<\/figcaption><\/figure>\n\n\n\n<figure class=\"wp-block-image size-large\"><img loading=\"lazy\" decoding=\"async\" width=\"416\" height=\"312\" data-id=\"8790\" src=\"https:\/\/www.cab.com.br\/wp-content\/uploads\/paraty-05.jpg\" alt=\"\" class=\"wp-image-8790\" srcset=\"https:\/\/www.cab.com.br\/wp-content\/uploads\/paraty-05.jpg 416w, https:\/\/www.cab.com.br\/wp-content\/uploads\/paraty-05-300x225.jpg 300w\" sizes=\"auto, (max-width: 416px) 100vw, 416px\" \/><figcaption class=\"wp-element-caption\">Paraty Mirim<\/figcaption><\/figure>\n\n\n\n<figure class=\"wp-block-image size-large\"><img loading=\"lazy\" decoding=\"async\" width=\"416\" height=\"312\" data-id=\"8792\" src=\"https:\/\/www.cab.com.br\/wp-content\/uploads\/paraty-06.jpg\" alt=\"\" class=\"wp-image-8792\" srcset=\"https:\/\/www.cab.com.br\/wp-content\/uploads\/paraty-06.jpg 416w, https:\/\/www.cab.com.br\/wp-content\/uploads\/paraty-06-300x225.jpg 300w\" sizes=\"auto, (max-width: 416px) 100vw, 416px\" \/><figcaption class=\"wp-element-caption\">Po\u00e7o da Laje<\/figcaption><\/figure>\n\n\n\n<figure class=\"wp-block-image size-large\"><img loading=\"lazy\" decoding=\"async\" width=\"416\" height=\"313\" data-id=\"8794\" src=\"https:\/\/www.cab.com.br\/wp-content\/uploads\/paraty-07.jpg\" alt=\"\" class=\"wp-image-8794\" srcset=\"https:\/\/www.cab.com.br\/wp-content\/uploads\/paraty-07.jpg 416w, https:\/\/www.cab.com.br\/wp-content\/uploads\/paraty-07-300x226.jpg 300w\" sizes=\"auto, (max-width: 416px) 100vw, 416px\" \/><figcaption class=\"wp-element-caption\">Praia Paraty Mirim<\/figcaption><\/figure>\n\n\n\n<figure class=\"wp-block-image size-large\"><img loading=\"lazy\" decoding=\"async\" width=\"416\" height=\"312\" data-id=\"8796\" src=\"https:\/\/www.cab.com.br\/wp-content\/uploads\/paraty-08.jpg\" alt=\"\" class=\"wp-image-8796\" srcset=\"https:\/\/www.cab.com.br\/wp-content\/uploads\/paraty-08.jpg 416w, https:\/\/www.cab.com.br\/wp-content\/uploads\/paraty-08-300x225.jpg 300w\" sizes=\"auto, (max-width: 416px) 100vw, 416px\" \/><figcaption class=\"wp-element-caption\">Po\u00e7o do Silva<\/figcaption><\/figure>\n\n\n\n<figure class=\"wp-block-image size-full\"><img loading=\"lazy\" decoding=\"async\" width=\"416\" height=\"312\" data-id=\"8877\" src=\"https:\/\/www.cab.com.br\/wp-content\/uploads\/paraty-11.jpg\" alt=\"\" class=\"wp-image-8877\" srcset=\"https:\/\/www.cab.com.br\/wp-content\/uploads\/paraty-11.jpg 416w, https:\/\/www.cab.com.br\/wp-content\/uploads\/paraty-11-300x225.jpg 300w\" sizes=\"auto, (max-width: 416px) 100vw, 416px\" \/><figcaption class=\"wp-element-caption\">Hotel<\/figcaption><\/figure>\n\n\n\n<figure class=\"wp-block-image size-full\"><img loading=\"lazy\" decoding=\"async\" width=\"416\" height=\"312\" data-id=\"8880\" src=\"https:\/\/www.cab.com.br\/wp-content\/uploads\/paraty-14.jpg\" alt=\"\" class=\"wp-image-8880\" srcset=\"https:\/\/www.cab.com.br\/wp-content\/uploads\/paraty-14.jpg 416w, https:\/\/www.cab.com.br\/wp-content\/uploads\/paraty-14-300x225.jpg 300w\" sizes=\"auto, (max-width: 416px) 100vw, 416px\" \/><figcaption class=\"wp-element-caption\">Hotel<\/figcaption><\/figure>\n<\/figure>\n\n\n\n<p><strong>Pedais:<\/strong><\/p>\n\n\n\n<p>Pedal Cachoeiras o Po\u00e7os 40k + 460m.<\/p>\n\n\n\n<p>Pedal Paraty Mirim 35k + 320m.<\/p>\n\n\n\n<p><strong>Incluso:<\/strong><\/p>\n\n\n\n<p>Transporte em Van Executiva Luxo (quer ir com seu carro, entre em contato).<\/p>\n\n\n\n<p>3 Noites Hospedagem su\u00edte dupla (excelente, caf\u00e9 da manh\u00e3 estilo colonial, piscina, restaurante e bar na \u00e1rea da piscina).<\/p>\n\n\n\n<p>Idealiza\u00e7\u00e3o e produ\u00e7\u00e3o do evento,&nbsp;<a href=\"https:\/\/cab.com.br\/wp-content\/uploads\/cadastur.jpg\">CAB Cadastur<\/a>.<\/p>\n\n\n\n<p>Guia CAB acompanhando o grupo.<\/p>\n\n\n\n<p>Fotos e v\u00eddeos.<\/p>\n\n\n\n<p>Grupo Whatsapp do evento para compartilhar a experi\u00eancia e fotos.<\/p>\n\n\n\n<p><strong>Programa\u00e7\u00e3o:<\/strong><\/p>\n\n\n\n<p>20 Novembro, traslado SP -&gt; Paraty.<\/p>\n\n\n\n<p>21 e 22 Novembro, Pedalando e Curtindo Paraty.<\/p>\n\n\n\n<p>23 Novembro, retorno \u00e0 SP.<\/p>\n\n\n\n<p><strong>Valor:<\/strong><\/p>\n\n\n\n<p>Em breve<\/p>\n\n\n\n<figure class=\"wp-block-image\"><a href=\"https:\/\/www.cab.com.br\/?page_id=5495\"><img loading=\"lazy\" decoding=\"async\" width=\"124\" height=\"51\" src=\"https:\/\/www.cab.com.br\/wp-content\/uploads\/Clube-CAB-Etiqueta-Desconto.png\" alt=\"\" class=\"wp-image-6634\"\/><\/a><\/figure>\n\n\n\n<figure class=\"wp-block-embed is-type-wp-embed is-provider-cab-eventos-esportivos wp-block-embed-cab-eventos-esportivos\"><div class=\"wp-block-embed__wrapper\">\n<blockquote class=\"wp-embedded-content\" data-secret=\"xpHSdDJCfy\"><a href=\"https:\/\/www.cab.com.br\/?page_id=3\">Participar, termos e condi\u00e7\u00f5es<\/a><\/blockquote><iframe loading=\"lazy\" class=\"wp-embedded-content\" sandbox=\"allow-scripts\" security=\"restricted\" style=\"position: absolute; visibility: hidden;\" title=\"&#8220;Participar, termos e condi\u00e7\u00f5es&#8221; &#8212; CAB Eventos Esportivos\" src=\"https:\/\/www.cab.com.br\/?page_id=3&#038;embed=true#?secret=ck1803W1Im#?secret=xpHSdDJCfy\" data-secret=\"xpHSdDJCfy\" width=\"600\" height=\"338\" frameborder=\"0\" marginwidth=\"0\" marginheight=\"0\" scrolling=\"no\"><\/iframe>\n<\/div><\/figure>\n","protected":false},"excerpt":{"rendered":"<p>20 a 22 de Novembro. Biking Trip. Feriado curtindo o melhor em Paraty! Praias, Cachoeiras, Passeios no Centro Hist\u00f3rico, Gastronomia, Cultura e muita divers\u00e3o. Um roteiro incr\u00edvel onde s\u00f3 a<\/p>\n","protected":false},"author":1,"featured_media":8781,"comment_status":"closed","ping_status":"open","sticky":false,"template":"","format":"standard","meta":{"footnotes":""},"categories":[668,2],"tags":[39,31,697,106,105,43,32,55,42,700,698,717,716,719,718,108,107],"class_list":["post-8772","post","type-post","status-publish","format-standard","has-post-thumbnail","hentry","category-biking-trip","category-proximos-eventos","tag-cab","tag-cab-eventos-esportivos","tag-caconde","tag-ciclo-viagem","tag-cicloviagem","tag-cicloviagens","tag-clube-dos-amigos-da-bike","tag-eventos","tag-eventos-esportivos","tag-mtb-caconde","tag-mtb-em-caconde","tag-pedal-em-paraty","tag-pedal-paraty","tag-trilha-em-paraty","tag-trilha-paraty","tag-trilhas-de-bicicleta","tag-trilhas-de-mtb"],"_links":{"self":[{"href":"https:\/\/www.cab.com.br\/index.php?rest_route=\/wp\/v2\/posts\/8772","targetHints":{"allow":["GET"]}}],"collection":[{"href":"https:\/\/www.cab.com.br\/index.php?rest_route=\/wp\/v2\/posts"}],"about":[{"href":"https:\/\/www.cab.com.br\/index.php?rest_route=\/wp\/v2\/types\/post"}],"author":[{"embeddable":true,"href":"https:\/\/www.cab.com.br\/index.php?rest_route=\/wp\/v2\/users\/1"}],"replies":[{"embeddable":true,"href":"https:\/\/www.cab.com.br\/index.php?rest_route=%2Fwp%2Fv2%2Fcomments&post=8772"}],"version-history":[{"count":35,"href":"https:\/\/www.cab.com.br\/index.php?rest_route=\/wp\/v2\/posts\/8772\/revisions"}],"predecessor-version":[{"id":9715,"href":"https:\/\/www.cab.com.br\/index.php?rest_route=\/wp\/v2\/posts\/8772\/revisions\/9715"}],"wp:featuredmedia":[{"embeddable":true,"href":"https:\/\/www.cab.com.br\/index.php?rest_route=\/wp\/v2\/media\/8781"}],"wp:attachment":[{"href":"https:\/\/www.cab.com.br\/index.php?rest_route=%2Fwp%2Fv2%2Fmedia&parent=8772"}],"wp:term":[{"taxonomy":"category","embeddable":true,"href":"https:\/\/www.cab.com.br\/index.php?rest_route=%2Fwp%2Fv2%2Fcategories&post=8772"},{"taxonomy":"post_tag","embeddable":true,"href":"https:\/\/www.cab.com.br\/index.php?rest_route=%2Fwp%2Fv2%2Ftags&post=8772"}],"curies":[{"name":"wp","href":"https:\/\/api.w.org\/{rel}","templated":true}]}}