{"id":5984,"date":"2025-04-14T00:00:41","date_gmt":"2025-04-14T00:00:41","guid":{"rendered":"https:\/\/www.cab.com.br\/?p=5984"},"modified":"2026-04-22T17:01:32","modified_gmt":"2026-04-22T17:01:32","slug":"22-02-trekking-morro-do-vuturuna","status":"publish","type":"post","link":"https:\/\/www.cab.com.br\/?p=5984","title":{"rendered":"Trekking Morro do Voturuna"},"content":{"rendered":"\n<p>24 Maio. Trekking Day.<\/p>\n\n\n\n<p>A Serra do Voturuna \u00e9 um tradicional circuito de Trekking pertinho da Cidade de S\u00e3o Paulo, sua \u00e1rea \u00e9 preservada e tamb\u00e9m \u00e9 uma divisa natural das cidades de Pirapora do Bom Jesus e Ara\u00e7ariguama.<\/p>\n\n\n\n<p>L\u00e1 no topo podemos caminhar literalmente caminhar na crista da montanha, um visual incr\u00edvel e que rende excelentes fotos!<\/p>\n\n\n\n<p>Op\u00e7\u00e3o de transporte ou pode ir com seu pr\u00f3prio carro.<\/p>\n\n\n\n<p>Trekking bate e volta pertinho de SP.<\/p>\n\n\n\n<p><strong>Fotos:<\/strong><\/p>\n\n\n\n<figure class=\"wp-block-gallery has-nested-images columns-default is-cropped wp-block-gallery-1 is-layout-flex wp-block-gallery-is-layout-flex\">\n<figure class=\"wp-block-image size-large\"><img decoding=\"async\" data-id=\"7569\" src=\"https:\/\/www.cab.com.br\/wp-content\/uploads\/votoruna-01.jpg\" alt=\"\" class=\"wp-image-7569\"\/><\/figure>\n\n\n\n<figure class=\"wp-block-image size-large\"><img decoding=\"async\" data-id=\"7565\" src=\"https:\/\/www.cab.com.br\/wp-content\/uploads\/votoruna-02.jpg\" alt=\"\" class=\"wp-image-7565\"\/><\/figure>\n\n\n\n<figure class=\"wp-block-image size-large\"><img decoding=\"async\" data-id=\"7566\" src=\"https:\/\/www.cab.com.br\/wp-content\/uploads\/votoruna-03.jpg\" alt=\"\" class=\"wp-image-7566\"\/><\/figure>\n\n\n\n<figure class=\"wp-block-image size-large\"><img decoding=\"async\" data-id=\"7563\" src=\"https:\/\/www.cab.com.br\/wp-content\/uploads\/votoruna-04.jpg\" alt=\"\" class=\"wp-image-7563\"\/><\/figure>\n\n\n\n<figure class=\"wp-block-image size-large\"><img decoding=\"async\" data-id=\"7567\" src=\"https:\/\/www.cab.com.br\/wp-content\/uploads\/votoruna-05.jpg\" alt=\"\" class=\"wp-image-7567\"\/><\/figure>\n\n\n\n<figure class=\"wp-block-image size-large\"><img decoding=\"async\" data-id=\"7568\" src=\"https:\/\/www.cab.com.br\/wp-content\/uploads\/votoruna-06.jpg\" alt=\"\" class=\"wp-image-7568\"\/><\/figure>\n\n\n\n<figure class=\"wp-block-image size-large\"><img decoding=\"async\" data-id=\"7564\" src=\"https:\/\/www.cab.com.br\/wp-content\/uploads\/votoruna-07.jpg\" alt=\"\" class=\"wp-image-7564\"\/><\/figure>\n\n\n\n<figure class=\"wp-block-image size-large\"><img decoding=\"async\" data-id=\"7562\" src=\"https:\/\/www.cab.com.br\/wp-content\/uploads\/votoruna-08.jpg\" alt=\"\" class=\"wp-image-7562\"\/><\/figure>\n<\/figure>\n\n\n\n<p><strong>Atra\u00e7\u00f5es:<\/strong><\/p>\n\n\n\n<p>Ponto mais alto da regi\u00e3o 1.250m.<\/p>\n\n\n\n<p>Vis\u00e3o 360\u00b0, rende \u00f3timas fotos!<\/p>\n\n\n\n<p>Vista do Rio Tiet\u00ea circundando as montanhas.<\/p>\n\n\n\n<p>Caminhada na crista da montanha, sensa\u00e7\u00e3o incr\u00edvel.<\/p>\n\n\n\n<p><strong>Programa\u00e7\u00e3o:<\/strong><\/p>\n\n\n\n<p>06h \u2013 Embarque para Traslado,<\/p>\n\n\n\n<p>08h \u2013 Encontro no in\u00edcio Caminhada,<\/p>\n\n\n\n<p>14h \u2013 Previs\u00e3o fim Trekking.<\/p>\n\n\n\n<p>As Informa\u00e7\u00f5es detalhadas ser\u00e3o enviadas aos inscritos 3 dias antes do evento.<\/p>\n\n\n\n<p>Ap\u00f3s o pedal almo\u00e7o de confraterniza\u00e7\u00e3o (opicional).<\/p>\n\n\n\n<p><strong>Trilha:<\/strong><\/p>\n\n\n\n<p>Dados: ~9km \/ ~780m \/ ~3h30.<\/p>\n\n\n\n<p>Trajeto em terra batida, estradinha de terra, trilha, trecho com carcalho e trecho na crista do Morro.<\/p>\n\n\n\n<p>Trecho pouca sombra, local com vegeta\u00e7\u00e3o rasteira e campos de altitude.<\/p>\n\n\n\n<p><strong>Inclui:<\/strong><\/p>\n\n\n\n<p>Idealiza\u00e7\u00e3o e produ\u00e7\u00e3o do evento,&nbsp;<a href=\"https:\/\/cab.com.br\/wp-content\/uploads\/cadastur.jpg\">CAB Cadastur<\/a>.<\/p>\n\n\n\n<p>Inscri\u00e7\u00e3o no evento.<\/p>\n\n\n\n<p>Guia CAB acompanhando o grupo.<\/p>\n\n\n\n<p>Transporte at\u00e9 o local (para quem optar com transporte incluso).<\/p>\n\n\n\n<p>Taxas parques e \u00e1reas privadas.<\/p>\n\n\n\n<p>Fotos e v\u00eddeos.<\/p>\n\n\n\n<p>Grupo Whatsapp do evento para compartilhar a experi\u00eancia e fotos.<\/p>\n\n\n\n<p>Seguro aventura.<\/p>\n\n\n\n<p>Suporte pr\u00e9 e p\u00f3s-passeio (o que levar, como chegar, etc.).<\/p>\n\n\n\n<p><strong>Valores:<\/strong><\/p>\n\n\n\n<p>em breve<\/p>\n\n\n\n<p>Cart\u00e3o de Cr\u00e9dito 4 x R$<\/p>\n\n\n\n<figure class=\"wp-block-image\"><a href=\"https:\/\/www.cab.com.br\/?page_id=5495\"><img loading=\"lazy\" decoding=\"async\" width=\"124\" height=\"51\" src=\"https:\/\/www.cab.com.br\/wp-content\/uploads\/Clube-CAB-Etiqueta-Desconto.png\" alt=\"\" class=\"wp-image-6634\"\/><\/a><\/figure>\n\n\n\n<figure class=\"wp-block-embed is-type-wp-embed is-provider-cab-eventos-esportivos wp-block-embed-cab-eventos-esportivos\"><div class=\"wp-block-embed__wrapper\">\n<blockquote class=\"wp-embedded-content\" data-secret=\"nmnwXENX0K\"><a href=\"https:\/\/www.cab.com.br\/?page_id=3\">Participar, termos e condi\u00e7\u00f5es<\/a><\/blockquote><iframe loading=\"lazy\" class=\"wp-embedded-content\" sandbox=\"allow-scripts\" security=\"restricted\" style=\"position: absolute; visibility: hidden;\" title=\"&#8220;Participar, termos e condi\u00e7\u00f5es&#8221; &#8212; CAB Eventos Esportivos\" src=\"https:\/\/www.cab.com.br\/?page_id=3&#038;embed=true#?secret=nqyLYTxy1K#?secret=nmnwXENX0K\" data-secret=\"nmnwXENX0K\" width=\"600\" height=\"338\" frameborder=\"0\" marginwidth=\"0\" marginheight=\"0\" scrolling=\"no\"><\/iframe>\n<\/div><\/figure>\n","protected":false},"excerpt":{"rendered":"<p>24 Maio. Trekking Day. A Serra do Voturuna \u00e9 um tradicional circuito de Trekking pertinho da Cidade de S\u00e3o Paulo, sua \u00e1rea \u00e9 preservada e tamb\u00e9m \u00e9 uma divisa natural<\/p>\n","protected":false},"author":1,"featured_media":7644,"comment_status":"closed","ping_status":"open","sticky":false,"template":"","format":"standard","meta":{"footnotes":""},"categories":[371],"tags":[39,31,55,42,436,606],"class_list":["post-5984","post","type-post","status-publish","format-standard","has-post-thumbnail","hentry","category-arquivo-morto","tag-cab","tag-cab-eventos-esportivos","tag-eventos","tag-eventos-esportivos","tag-trekking","tag-trekking-morro-do-vuturuna"],"_links":{"self":[{"href":"https:\/\/www.cab.com.br\/index.php?rest_route=\/wp\/v2\/posts\/5984","targetHints":{"allow":["GET"]}}],"collection":[{"href":"https:\/\/www.cab.com.br\/index.php?rest_route=\/wp\/v2\/posts"}],"about":[{"href":"https:\/\/www.cab.com.br\/index.php?rest_route=\/wp\/v2\/types\/post"}],"author":[{"embeddable":true,"href":"https:\/\/www.cab.com.br\/index.php?rest_route=\/wp\/v2\/users\/1"}],"replies":[{"embeddable":true,"href":"https:\/\/www.cab.com.br\/index.php?rest_route=%2Fwp%2Fv2%2Fcomments&post=5984"}],"version-history":[{"count":28,"href":"https:\/\/www.cab.com.br\/index.php?rest_route=\/wp\/v2\/posts\/5984\/revisions"}],"predecessor-version":[{"id":9711,"href":"https:\/\/www.cab.com.br\/index.php?rest_route=\/wp\/v2\/posts\/5984\/revisions\/9711"}],"wp:featuredmedia":[{"embeddable":true,"href":"https:\/\/www.cab.com.br\/index.php?rest_route=\/wp\/v2\/media\/7644"}],"wp:attachment":[{"href":"https:\/\/www.cab.com.br\/index.php?rest_route=%2Fwp%2Fv2%2Fmedia&parent=5984"}],"wp:term":[{"taxonomy":"category","embeddable":true,"href":"https:\/\/www.cab.com.br\/index.php?rest_route=%2Fwp%2Fv2%2Fcategories&post=5984"},{"taxonomy":"post_tag","embeddable":true,"href":"https:\/\/www.cab.com.br\/index.php?rest_route=%2Fwp%2Fv2%2Ftags&post=5984"}],"curies":[{"name":"wp","href":"https:\/\/api.w.org\/{rel}","templated":true}]}}