{"id":5794,"date":"2022-10-19T00:00:23","date_gmt":"2022-10-19T00:00:23","guid":{"rendered":"https:\/\/www.cab.com.br\/?p=5794"},"modified":"2026-04-19T23:01:10","modified_gmt":"2026-04-19T23:01:10","slug":"06-a-11-04-nos-trilhos-da-serra-do-espinhaco","status":"publish","type":"post","link":"https:\/\/www.cab.com.br\/?p=5794","title":{"rendered":"Bike Trip Trilha Verde da Maria Fuma\u00e7a"},"content":{"rendered":"\n<p>11 a 17 de Abril. Biking Trip. Pedal + Serra do Espinha\u00e7o + Cachoeras + MG!<\/p>\n\n\n\n<p>Incr\u00edvel e maravilhoso trecho de Bike cruzando a Serra do Espinha\u00e7o, trajeto sem subidas ou descidas \u00edngremes onde voc\u00ea pode curtir o visual, cachoeiras, natureza, p\u00e1ssaros, flores, animais silvestres, pois \u00e9 uma rota somente para Ciclistas ou pedestres.<\/p>\n\n\n\n<p>Voc\u00ea vai se surpreender com esse roteiro no cora\u00e7\u00e3o do nosso Pa\u00eds!<\/p>\n\n\n\n<p>7 Noites e 5 Pedais inesquec\u00edveis, cachoeiras l\u00edmpidas, o trajeto TVMF \u00e9 \u00fanico e um dos melhores do Brasil para MTB.<\/p>\n\n\n\n<p>S\u00e3o 50k de single tracks somente para as Bikes!<\/p>\n\n\n\n<figure class=\"wp-block-image size-full\"><img loading=\"lazy\" decoding=\"async\" width=\"415\" height=\"146\" src=\"https:\/\/www.cab.com.br\/wp-content\/uploads\/descubra-o-brasil.gif\" alt=\"\" class=\"wp-image-8163\"\/><\/figure>\n\n\n\n<p>O CAB preparou tudo com muito carinho par voc\u00ea.<\/p>\n\n\n\n<p>V\u00e1 de avi\u00e3o que n\u00f3s levamos a sua Bike, venha de Van do CAB ou com seu pr\u00f3prio carro.<\/p>\n\n\n\n<p>Realmente imperd\u00edvel!<\/p>\n\n\n\n<p>Grupo limitado a 10 participantes.<\/p>\n\n\n\n<p><strong>Fotos:<\/strong><\/p>\n\n\n\n<figure class=\"wp-block-gallery has-nested-images columns-default is-cropped wp-block-gallery-1 is-layout-flex wp-block-gallery-is-layout-flex\">\n<figure class=\"wp-block-image size-large\"><img loading=\"lazy\" decoding=\"async\" width=\"416\" height=\"312\" data-id=\"7928\" src=\"https:\/\/www.cab.com.br\/wp-content\/uploads\/tvmf-29.jpg\" alt=\"\" class=\"wp-image-7928\" srcset=\"https:\/\/www.cab.com.br\/wp-content\/uploads\/tvmf-29.jpg 416w, https:\/\/www.cab.com.br\/wp-content\/uploads\/tvmf-29-300x225.jpg 300w\" sizes=\"auto, (max-width: 416px) 100vw, 416px\" \/><figcaption class=\"wp-element-caption\">Transfers<\/figcaption><\/figure>\n\n\n\n<figure class=\"wp-block-image size-large\"><img loading=\"lazy\" decoding=\"async\" width=\"416\" height=\"312\" data-id=\"7939\" src=\"https:\/\/www.cab.com.br\/wp-content\/uploads\/tvmf-35.jpg\" alt=\"\" class=\"wp-image-7939\" srcset=\"https:\/\/www.cab.com.br\/wp-content\/uploads\/tvmf-35.jpg 416w, https:\/\/www.cab.com.br\/wp-content\/uploads\/tvmf-35-300x225.jpg 300w\" sizes=\"auto, (max-width: 416px) 100vw, 416px\" \/><figcaption class=\"wp-element-caption\">Passeio em Diamantina<\/figcaption><\/figure>\n\n\n\n<figure class=\"wp-block-image size-large\"><img loading=\"lazy\" decoding=\"async\" width=\"416\" height=\"312\" data-id=\"7926\" src=\"https:\/\/www.cab.com.br\/wp-content\/uploads\/tvmf-26.jpg\" alt=\"\" class=\"wp-image-7926\" srcset=\"https:\/\/www.cab.com.br\/wp-content\/uploads\/tvmf-26.jpg 416w, https:\/\/www.cab.com.br\/wp-content\/uploads\/tvmf-26-300x225.jpg 300w\" sizes=\"auto, (max-width: 416px) 100vw, 416px\" \/><figcaption class=\"wp-element-caption\">Passeio em Diamantina<\/figcaption><\/figure>\n\n\n\n<figure class=\"wp-block-image size-large\"><img loading=\"lazy\" decoding=\"async\" width=\"416\" height=\"312\" data-id=\"7925\" src=\"https:\/\/www.cab.com.br\/wp-content\/uploads\/tvmf-27.jpg\" alt=\"\" class=\"wp-image-7925\" srcset=\"https:\/\/www.cab.com.br\/wp-content\/uploads\/tvmf-27.jpg 416w, https:\/\/www.cab.com.br\/wp-content\/uploads\/tvmf-27-300x225.jpg 300w\" sizes=\"auto, (max-width: 416px) 100vw, 416px\" \/><figcaption class=\"wp-element-caption\">Passeio em Diamantina<\/figcaption><\/figure>\n\n\n\n<figure class=\"wp-block-image size-large\"><img loading=\"lazy\" decoding=\"async\" width=\"416\" height=\"312\" data-id=\"7942\" src=\"https:\/\/www.cab.com.br\/wp-content\/uploads\/tvmf-36.jpg\" alt=\"\" class=\"wp-image-7942\" srcset=\"https:\/\/www.cab.com.br\/wp-content\/uploads\/tvmf-36.jpg 416w, https:\/\/www.cab.com.br\/wp-content\/uploads\/tvmf-36-300x225.jpg 300w\" sizes=\"auto, (max-width: 416px) 100vw, 416px\" \/><figcaption class=\"wp-element-caption\">Diamantina Catedral<\/figcaption><\/figure>\n\n\n\n<figure class=\"wp-block-image size-large\"><img loading=\"lazy\" decoding=\"async\" width=\"416\" height=\"312\" data-id=\"7721\" src=\"https:\/\/www.cab.com.br\/wp-content\/uploads\/tvmf-01.jpg\" alt=\"\" class=\"wp-image-7721\" srcset=\"https:\/\/www.cab.com.br\/wp-content\/uploads\/tvmf-01.jpg 416w, https:\/\/www.cab.com.br\/wp-content\/uploads\/tvmf-01-300x225.jpg 300w\" sizes=\"auto, (max-width: 416px) 100vw, 416px\" \/><figcaption class=\"wp-element-caption\">Diamantina In\u00edcio T.V.M. Fuma\u00e7a<\/figcaption><\/figure>\n\n\n\n<figure class=\"wp-block-image size-large\"><img loading=\"lazy\" decoding=\"async\" width=\"416\" height=\"312\" data-id=\"7726\" src=\"https:\/\/www.cab.com.br\/wp-content\/uploads\/tvmf-02.jpg\" alt=\"\" class=\"wp-image-7726\" srcset=\"https:\/\/www.cab.com.br\/wp-content\/uploads\/tvmf-02.jpg 416w, https:\/\/www.cab.com.br\/wp-content\/uploads\/tvmf-02-300x225.jpg 300w\" sizes=\"auto, (max-width: 416px) 100vw, 416px\" \/><figcaption class=\"wp-element-caption\">Trecho Diamantina a B. Guaicuhy<\/figcaption><\/figure>\n\n\n\n<figure class=\"wp-block-image size-large\"><img loading=\"lazy\" decoding=\"async\" width=\"416\" height=\"312\" data-id=\"7725\" src=\"https:\/\/www.cab.com.br\/wp-content\/uploads\/tvmf-03.jpg\" alt=\"\" class=\"wp-image-7725\" srcset=\"https:\/\/www.cab.com.br\/wp-content\/uploads\/tvmf-03.jpg 416w, https:\/\/www.cab.com.br\/wp-content\/uploads\/tvmf-03-300x225.jpg 300w\" sizes=\"auto, (max-width: 416px) 100vw, 416px\" \/><figcaption class=\"wp-element-caption\">Altitude M\u00e1xima<\/figcaption><\/figure>\n\n\n\n<figure class=\"wp-block-image size-large\"><img loading=\"lazy\" decoding=\"async\" width=\"416\" height=\"312\" data-id=\"7722\" src=\"https:\/\/www.cab.com.br\/wp-content\/uploads\/tvmf-04.jpg\" alt=\"\" class=\"wp-image-7722\" srcset=\"https:\/\/www.cab.com.br\/wp-content\/uploads\/tvmf-04.jpg 416w, https:\/\/www.cab.com.br\/wp-content\/uploads\/tvmf-04-300x225.jpg 300w\" sizes=\"auto, (max-width: 416px) 100vw, 416px\" \/><figcaption class=\"wp-element-caption\">Ponte do Bar\u00e3o<\/figcaption><\/figure>\n\n\n\n<figure class=\"wp-block-image size-large\"><img loading=\"lazy\" decoding=\"async\" width=\"416\" height=\"312\" data-id=\"7724\" src=\"https:\/\/www.cab.com.br\/wp-content\/uploads\/tvmf-05.jpg\" alt=\"\" class=\"wp-image-7724\" srcset=\"https:\/\/www.cab.com.br\/wp-content\/uploads\/tvmf-05.jpg 416w, https:\/\/www.cab.com.br\/wp-content\/uploads\/tvmf-05-300x225.jpg 300w\" sizes=\"auto, (max-width: 416px) 100vw, 416px\" \/><figcaption class=\"wp-element-caption\">Bar\u00e3o de Guaicuhy<\/figcaption><\/figure>\n\n\n\n<figure class=\"wp-block-image size-large\"><img loading=\"lazy\" decoding=\"async\" width=\"416\" height=\"312\" data-id=\"7720\" src=\"https:\/\/www.cab.com.br\/wp-content\/uploads\/tvmf-06.jpg\" alt=\"\" class=\"wp-image-7720\" srcset=\"https:\/\/www.cab.com.br\/wp-content\/uploads\/tvmf-06.jpg 416w, https:\/\/www.cab.com.br\/wp-content\/uploads\/tvmf-06-300x225.jpg 300w\" sizes=\"auto, (max-width: 416px) 100vw, 416px\" \/><figcaption class=\"wp-element-caption\">Pousada Bar\u00e3o<\/figcaption><\/figure>\n\n\n\n<figure class=\"wp-block-image size-large\"><img loading=\"lazy\" decoding=\"async\" width=\"416\" height=\"312\" data-id=\"7723\" src=\"https:\/\/www.cab.com.br\/wp-content\/uploads\/tvmf-07.jpg\" alt=\"\" class=\"wp-image-7723\" srcset=\"https:\/\/www.cab.com.br\/wp-content\/uploads\/tvmf-07.jpg 416w, https:\/\/www.cab.com.br\/wp-content\/uploads\/tvmf-07-300x225.jpg 300w\" sizes=\"auto, (max-width: 416px) 100vw, 416px\" \/><figcaption class=\"wp-element-caption\">Cachoeira do Bar\u00e3o<\/figcaption><\/figure>\n\n\n\n<figure class=\"wp-block-image size-large\"><img loading=\"lazy\" decoding=\"async\" width=\"416\" height=\"312\" data-id=\"7719\" src=\"https:\/\/www.cab.com.br\/wp-content\/uploads\/tvmf-08.jpg\" alt=\"\" class=\"wp-image-7719\" srcset=\"https:\/\/www.cab.com.br\/wp-content\/uploads\/tvmf-08.jpg 416w, https:\/\/www.cab.com.br\/wp-content\/uploads\/tvmf-08-300x225.jpg 300w\" sizes=\"auto, (max-width: 416px) 100vw, 416px\" \/><figcaption class=\"wp-element-caption\">Cachoeira do Bar\u00e3o<\/figcaption><\/figure>\n\n\n\n<figure class=\"wp-block-image size-large\"><img loading=\"lazy\" decoding=\"async\" width=\"416\" height=\"312\" data-id=\"7728\" src=\"https:\/\/www.cab.com.br\/wp-content\/uploads\/tvmf-09.jpg\" alt=\"\" class=\"wp-image-7728\" srcset=\"https:\/\/www.cab.com.br\/wp-content\/uploads\/tvmf-09.jpg 416w, https:\/\/www.cab.com.br\/wp-content\/uploads\/tvmf-09-300x225.jpg 300w\" sizes=\"auto, (max-width: 416px) 100vw, 416px\" \/><figcaption class=\"wp-element-caption\">Bar\u00e3o de Guaicuhy<\/figcaption><\/figure>\n\n\n\n<figure class=\"wp-block-image size-large\"><img loading=\"lazy\" decoding=\"async\" width=\"416\" height=\"312\" data-id=\"7732\" src=\"https:\/\/www.cab.com.br\/wp-content\/uploads\/tvmf-10.jpg\" alt=\"\" class=\"wp-image-7732\" srcset=\"https:\/\/www.cab.com.br\/wp-content\/uploads\/tvmf-10.jpg 416w, https:\/\/www.cab.com.br\/wp-content\/uploads\/tvmf-10-300x225.jpg 300w\" sizes=\"auto, (max-width: 416px) 100vw, 416px\" \/><figcaption class=\"wp-element-caption\">Ponte de Ferro<\/figcaption><\/figure>\n\n\n\n<figure class=\"wp-block-image size-large\"><img loading=\"lazy\" decoding=\"async\" width=\"416\" height=\"312\" data-id=\"7731\" src=\"https:\/\/www.cab.com.br\/wp-content\/uploads\/tvmf-11.jpg\" alt=\"\" class=\"wp-image-7731\" srcset=\"https:\/\/www.cab.com.br\/wp-content\/uploads\/tvmf-11.jpg 416w, https:\/\/www.cab.com.br\/wp-content\/uploads\/tvmf-11-300x225.jpg 300w\" sizes=\"auto, (max-width: 416px) 100vw, 416px\" \/><figcaption class=\"wp-element-caption\">Trecho Bar\u00e3o a Cons. Mata<\/figcaption><\/figure>\n\n\n\n<figure class=\"wp-block-image size-large\"><img loading=\"lazy\" decoding=\"async\" width=\"416\" height=\"312\" data-id=\"7730\" src=\"https:\/\/www.cab.com.br\/wp-content\/uploads\/tvmf-12.jpg\" alt=\"\" class=\"wp-image-7730\" srcset=\"https:\/\/www.cab.com.br\/wp-content\/uploads\/tvmf-12.jpg 416w, https:\/\/www.cab.com.br\/wp-content\/uploads\/tvmf-12-300x225.jpg 300w\" sizes=\"auto, (max-width: 416px) 100vw, 416px\" \/><figcaption class=\"wp-element-caption\">Trecho Bar\u00e3o a Cons. Mata<\/figcaption><\/figure>\n\n\n\n<figure class=\"wp-block-image size-large\"><img loading=\"lazy\" decoding=\"async\" width=\"416\" height=\"312\" data-id=\"7735\" src=\"https:\/\/www.cab.com.br\/wp-content\/uploads\/tvmf-15.jpg\" alt=\"\" class=\"wp-image-7735\" srcset=\"https:\/\/www.cab.com.br\/wp-content\/uploads\/tvmf-15.jpg 416w, https:\/\/www.cab.com.br\/wp-content\/uploads\/tvmf-15-300x225.jpg 300w\" sizes=\"auto, (max-width: 416px) 100vw, 416px\" \/><figcaption class=\"wp-element-caption\">Trecho Bar\u00e3o a Cons. Mata<\/figcaption><\/figure>\n\n\n\n<figure class=\"wp-block-image size-large\"><img loading=\"lazy\" decoding=\"async\" width=\"416\" height=\"312\" data-id=\"7736\" src=\"https:\/\/www.cab.com.br\/wp-content\/uploads\/tvmf-14.jpg\" alt=\"\" class=\"wp-image-7736\" srcset=\"https:\/\/www.cab.com.br\/wp-content\/uploads\/tvmf-14.jpg 416w, https:\/\/www.cab.com.br\/wp-content\/uploads\/tvmf-14-300x225.jpg 300w\" sizes=\"auto, (max-width: 416px) 100vw, 416px\" \/><figcaption class=\"wp-element-caption\">Artesanato Local<\/figcaption><\/figure>\n\n\n\n<figure class=\"wp-block-image size-large\"><img loading=\"lazy\" decoding=\"async\" width=\"416\" height=\"312\" data-id=\"7737\" src=\"https:\/\/www.cab.com.br\/wp-content\/uploads\/tvmf-13.jpg\" alt=\"\" class=\"wp-image-7737\" srcset=\"https:\/\/www.cab.com.br\/wp-content\/uploads\/tvmf-13.jpg 416w, https:\/\/www.cab.com.br\/wp-content\/uploads\/tvmf-13-300x225.jpg 300w\" sizes=\"auto, (max-width: 416px) 100vw, 416px\" \/><figcaption class=\"wp-element-caption\">Trecho Bar\u00e3o a Cons. Mata<\/figcaption><\/figure>\n\n\n\n<figure class=\"wp-block-image size-large\"><img loading=\"lazy\" decoding=\"async\" width=\"416\" height=\"312\" data-id=\"7741\" src=\"https:\/\/www.cab.com.br\/wp-content\/uploads\/tvmf-16.jpg\" alt=\"\" class=\"wp-image-7741\" srcset=\"https:\/\/www.cab.com.br\/wp-content\/uploads\/tvmf-16.jpg 416w, https:\/\/www.cab.com.br\/wp-content\/uploads\/tvmf-16-300x225.jpg 300w\" sizes=\"auto, (max-width: 416px) 100vw, 416px\" \/><figcaption class=\"wp-element-caption\">Trecho Bar\u00e3o a Cons. Mata<\/figcaption><\/figure>\n\n\n\n<figure class=\"wp-block-image size-large\"><img loading=\"lazy\" decoding=\"async\" width=\"416\" height=\"312\" data-id=\"7740\" src=\"https:\/\/www.cab.com.br\/wp-content\/uploads\/tvmf-17.jpg\" alt=\"\" class=\"wp-image-7740\" srcset=\"https:\/\/www.cab.com.br\/wp-content\/uploads\/tvmf-17.jpg 416w, https:\/\/www.cab.com.br\/wp-content\/uploads\/tvmf-17-300x225.jpg 300w\" sizes=\"auto, (max-width: 416px) 100vw, 416px\" \/><figcaption class=\"wp-element-caption\">Trecho Bar\u00e3o a Cons. Mata<\/figcaption><\/figure>\n\n\n\n<figure class=\"wp-block-image size-large\"><img loading=\"lazy\" decoding=\"async\" width=\"416\" height=\"312\" data-id=\"7739\" src=\"https:\/\/www.cab.com.br\/wp-content\/uploads\/tvmf-18.jpg\" alt=\"\" class=\"wp-image-7739\" srcset=\"https:\/\/www.cab.com.br\/wp-content\/uploads\/tvmf-18.jpg 416w, https:\/\/www.cab.com.br\/wp-content\/uploads\/tvmf-18-300x225.jpg 300w\" sizes=\"auto, (max-width: 416px) 100vw, 416px\" \/><figcaption class=\"wp-element-caption\">Conselheiro Mata<\/figcaption><\/figure>\n\n\n\n<figure class=\"wp-block-image size-large\"><img loading=\"lazy\" decoding=\"async\" width=\"416\" height=\"312\" data-id=\"7745\" src=\"https:\/\/www.cab.com.br\/wp-content\/uploads\/tvmf-19.jpg\" alt=\"\" class=\"wp-image-7745\" srcset=\"https:\/\/www.cab.com.br\/wp-content\/uploads\/tvmf-19.jpg 416w, https:\/\/www.cab.com.br\/wp-content\/uploads\/tvmf-19-300x225.jpg 300w\" sizes=\"auto, (max-width: 416px) 100vw, 416px\" \/><figcaption class=\"wp-element-caption\">Cachoeira do Tombador<\/figcaption><\/figure>\n\n\n\n<figure class=\"wp-block-image size-large\"><img loading=\"lazy\" decoding=\"async\" width=\"416\" height=\"312\" data-id=\"7744\" src=\"https:\/\/www.cab.com.br\/wp-content\/uploads\/tvmf-20.jpg\" alt=\"\" class=\"wp-image-7744\" srcset=\"https:\/\/www.cab.com.br\/wp-content\/uploads\/tvmf-20.jpg 416w, https:\/\/www.cab.com.br\/wp-content\/uploads\/tvmf-20-300x225.jpg 300w\" sizes=\"auto, (max-width: 416px) 100vw, 416px\" \/><figcaption class=\"wp-element-caption\">Cachoeira do Tombador<\/figcaption><\/figure>\n\n\n\n<figure class=\"wp-block-image size-large\"><img loading=\"lazy\" decoding=\"async\" width=\"416\" height=\"312\" data-id=\"7743\" src=\"https:\/\/www.cab.com.br\/wp-content\/uploads\/tvmf-21.jpg\" alt=\"\" class=\"wp-image-7743\" srcset=\"https:\/\/www.cab.com.br\/wp-content\/uploads\/tvmf-21.jpg 416w, https:\/\/www.cab.com.br\/wp-content\/uploads\/tvmf-21-300x225.jpg 300w\" sizes=\"auto, (max-width: 416px) 100vw, 416px\" \/><figcaption class=\"wp-element-caption\">Cachoeira do Tel\u00e9sforo<\/figcaption><\/figure>\n\n\n\n<figure class=\"wp-block-image size-large\"><img loading=\"lazy\" decoding=\"async\" width=\"416\" height=\"312\" data-id=\"7918\" src=\"https:\/\/www.cab.com.br\/wp-content\/uploads\/tvmf-23.jpg\" alt=\"\" class=\"wp-image-7918\" srcset=\"https:\/\/www.cab.com.br\/wp-content\/uploads\/tvmf-23.jpg 416w, https:\/\/www.cab.com.br\/wp-content\/uploads\/tvmf-23-300x225.jpg 300w\" sizes=\"auto, (max-width: 416px) 100vw, 416px\" \/><figcaption class=\"wp-element-caption\">Cachoeira do Tel\u00e9sforo<\/figcaption><\/figure>\n\n\n\n<figure class=\"wp-block-image size-large\"><img loading=\"lazy\" decoding=\"async\" width=\"416\" height=\"312\" data-id=\"7919\" src=\"https:\/\/www.cab.com.br\/wp-content\/uploads\/tvmf-22.jpg\" alt=\"\" class=\"wp-image-7919\" srcset=\"https:\/\/www.cab.com.br\/wp-content\/uploads\/tvmf-22.jpg 416w, https:\/\/www.cab.com.br\/wp-content\/uploads\/tvmf-22-300x225.jpg 300w\" sizes=\"auto, (max-width: 416px) 100vw, 416px\" \/><figcaption class=\"wp-element-caption\">Cachoeira do Tel\u00e9sforo<\/figcaption><\/figure>\n\n\n\n<figure class=\"wp-block-image size-large\"><img loading=\"lazy\" decoding=\"async\" width=\"416\" height=\"312\" data-id=\"7924\" src=\"https:\/\/www.cab.com.br\/wp-content\/uploads\/tvmf-28.jpg\" alt=\"\" class=\"wp-image-7924\" srcset=\"https:\/\/www.cab.com.br\/wp-content\/uploads\/tvmf-28.jpg 416w, https:\/\/www.cab.com.br\/wp-content\/uploads\/tvmf-28-300x225.jpg 300w\" sizes=\"auto, (max-width: 416px) 100vw, 416px\" \/><figcaption class=\"wp-element-caption\">Pedal Parque Bibibiri<\/figcaption><\/figure>\n\n\n\n<figure class=\"wp-block-image size-large\"><img loading=\"lazy\" decoding=\"async\" width=\"416\" height=\"312\" data-id=\"7921\" src=\"https:\/\/www.cab.com.br\/wp-content\/uploads\/tvmf-25.jpg\" alt=\"\" class=\"wp-image-7921\" srcset=\"https:\/\/www.cab.com.br\/wp-content\/uploads\/tvmf-25.jpg 416w, https:\/\/www.cab.com.br\/wp-content\/uploads\/tvmf-25-300x225.jpg 300w\" sizes=\"auto, (max-width: 416px) 100vw, 416px\" \/><figcaption class=\"wp-element-caption\">Po\u00e7o \u00c1gua Limpa<\/figcaption><\/figure>\n\n\n\n<figure class=\"wp-block-image size-large\"><img loading=\"lazy\" decoding=\"async\" width=\"416\" height=\"312\" data-id=\"7931\" src=\"https:\/\/www.cab.com.br\/wp-content\/uploads\/tvmf-30.jpg\" alt=\"\" class=\"wp-image-7931\" srcset=\"https:\/\/www.cab.com.br\/wp-content\/uploads\/tvmf-30.jpg 416w, https:\/\/www.cab.com.br\/wp-content\/uploads\/tvmf-30-300x225.jpg 300w\" sizes=\"auto, (max-width: 416px) 100vw, 416px\" \/><figcaption class=\"wp-element-caption\">Pedal Parque Biribiri<\/figcaption><\/figure>\n\n\n\n<figure class=\"wp-block-image size-large\"><img loading=\"lazy\" decoding=\"async\" width=\"416\" height=\"312\" data-id=\"7922\" src=\"https:\/\/www.cab.com.br\/wp-content\/uploads\/tvmf-24.jpg\" alt=\"\" class=\"wp-image-7922\" srcset=\"https:\/\/www.cab.com.br\/wp-content\/uploads\/tvmf-24.jpg 416w, https:\/\/www.cab.com.br\/wp-content\/uploads\/tvmf-24-300x225.jpg 300w\" sizes=\"auto, (max-width: 416px) 100vw, 416px\" \/><figcaption class=\"wp-element-caption\">Po\u00e7o \u00c1gua Limpa<\/figcaption><\/figure>\n\n\n\n<figure class=\"wp-block-image size-large\"><img loading=\"lazy\" decoding=\"async\" width=\"416\" height=\"312\" data-id=\"7948\" src=\"https:\/\/www.cab.com.br\/wp-content\/uploads\/tvmf-38.jpg\" alt=\"\" class=\"wp-image-7948\" srcset=\"https:\/\/www.cab.com.br\/wp-content\/uploads\/tvmf-38.jpg 416w, https:\/\/www.cab.com.br\/wp-content\/uploads\/tvmf-38-300x225.jpg 300w\" sizes=\"auto, (max-width: 416px) 100vw, 416px\" \/><figcaption class=\"wp-element-caption\">Cachoeira do Sentinela<\/figcaption><\/figure>\n\n\n\n<figure class=\"wp-block-image size-large\"><img loading=\"lazy\" decoding=\"async\" width=\"416\" height=\"312\" data-id=\"7944\" src=\"https:\/\/www.cab.com.br\/wp-content\/uploads\/tvmf-37.jpg\" alt=\"\" class=\"wp-image-7944\" srcset=\"https:\/\/www.cab.com.br\/wp-content\/uploads\/tvmf-37.jpg 416w, https:\/\/www.cab.com.br\/wp-content\/uploads\/tvmf-37-300x225.jpg 300w\" sizes=\"auto, (max-width: 416px) 100vw, 416px\" \/><figcaption class=\"wp-element-caption\">Cachoeira do Sentinela<\/figcaption><\/figure>\n\n\n\n<figure class=\"wp-block-image size-large\"><img loading=\"lazy\" decoding=\"async\" width=\"416\" height=\"312\" data-id=\"7934\" src=\"https:\/\/www.cab.com.br\/wp-content\/uploads\/tvmf-31.jpg\" alt=\"\" class=\"wp-image-7934\" srcset=\"https:\/\/www.cab.com.br\/wp-content\/uploads\/tvmf-31.jpg 416w, https:\/\/www.cab.com.br\/wp-content\/uploads\/tvmf-31-300x225.jpg 300w\" sizes=\"auto, (max-width: 416px) 100vw, 416px\" \/><figcaption class=\"wp-element-caption\">Cachoeira dos Cristais<\/figcaption><\/figure>\n\n\n\n<figure class=\"wp-block-image size-large\"><img loading=\"lazy\" decoding=\"async\" width=\"416\" height=\"312\" data-id=\"7935\" src=\"https:\/\/www.cab.com.br\/wp-content\/uploads\/tvmf-33.jpg\" alt=\"\" class=\"wp-image-7935\" srcset=\"https:\/\/www.cab.com.br\/wp-content\/uploads\/tvmf-33.jpg 416w, https:\/\/www.cab.com.br\/wp-content\/uploads\/tvmf-33-300x225.jpg 300w\" sizes=\"auto, (max-width: 416px) 100vw, 416px\" \/><figcaption class=\"wp-element-caption\">Cachoeira dos Cristais<\/figcaption><\/figure>\n\n\n\n<figure class=\"wp-block-image size-large\"><img loading=\"lazy\" decoding=\"async\" width=\"416\" height=\"312\" data-id=\"7936\" src=\"https:\/\/www.cab.com.br\/wp-content\/uploads\/tvmf-32.jpg\" alt=\"\" class=\"wp-image-7936\" srcset=\"https:\/\/www.cab.com.br\/wp-content\/uploads\/tvmf-32.jpg 416w, https:\/\/www.cab.com.br\/wp-content\/uploads\/tvmf-32-300x225.jpg 300w\" sizes=\"auto, (max-width: 416px) 100vw, 416px\" \/><figcaption class=\"wp-element-caption\">Cachoeira dos Cristais<\/figcaption><\/figure>\n\n\n\n<figure class=\"wp-block-image size-large\"><img loading=\"lazy\" decoding=\"async\" width=\"416\" height=\"312\" data-id=\"7938\" src=\"https:\/\/www.cab.com.br\/wp-content\/uploads\/tvmf-34.jpg\" alt=\"\" class=\"wp-image-7938\" srcset=\"https:\/\/www.cab.com.br\/wp-content\/uploads\/tvmf-34.jpg 416w, https:\/\/www.cab.com.br\/wp-content\/uploads\/tvmf-34-300x225.jpg 300w\" sizes=\"auto, (max-width: 416px) 100vw, 416px\" \/><figcaption class=\"wp-element-caption\">Almo\u00e7o no Biribiri<\/figcaption><\/figure>\n\n\n\n<figure class=\"wp-block-image size-large\"><img loading=\"lazy\" decoding=\"async\" width=\"416\" height=\"312\" data-id=\"7947\" src=\"https:\/\/www.cab.com.br\/wp-content\/uploads\/tvmf-39.jpg\" alt=\"\" class=\"wp-image-7947\" srcset=\"https:\/\/www.cab.com.br\/wp-content\/uploads\/tvmf-39.jpg 416w, https:\/\/www.cab.com.br\/wp-content\/uploads\/tvmf-39-300x225.jpg 300w\" sizes=\"auto, (max-width: 416px) 100vw, 416px\" \/><figcaption class=\"wp-element-caption\">Vila de Biribiri<\/figcaption><\/figure>\n<\/figure>\n\n\n\n<p><strong>Atra\u00e7\u00f5es:<\/strong><\/p>\n\n\n\n<p>Linda Diamantina, cidade patrim\u00f4nio hist\u00f3rico da Unesco.<\/p>\n\n\n\n<p>Passeios em Diamantina.<\/p>\n\n\n\n<p>Pedal Trilha Verde da MariaFuma\u00e7a.<\/p>\n\n\n\n<p>Altitude M\u00e1xima.<\/p>\n\n\n\n<p>Bar\u00e3o de Guaicuhy.<\/p>\n\n\n\n<p>Cachoeira do Bar\u00e3o.<\/p>\n\n\n\n<p>Ponte de Ferro do Bar\u00e3o.<\/p>\n\n\n\n<p>Conselheiro Mata.<\/p>\n\n\n\n<p>Cachoeira das Fadas.<\/p>\n\n\n\n<p>Cachoeira das Borboletas.<\/p>\n\n\n\n<p>Cachoeira da Usina.<\/p>\n\n\n\n<p>Cachoeira do Tombador.<\/p>\n\n\n\n<p>A mais incr\u00edvel! Cachoeira do Tel\u00e9sforo.<\/p>\n\n\n\n<p>Cachoeira 7 quedas.<\/p>\n\n\n\n<p>Parque Biri-biri e suas cachoeiras cristalinas.<\/p>\n\n\n\n<p>Cachoeira do Sentinela.<\/p>\n\n\n\n<p>Po\u00e7o \u00c1gua Limpa.<\/p>\n\n\n\n<p>Cachoeira dos Cristais.<\/p>\n\n\n\n<p>Almo\u00e7o na Vila de Biribiri.<\/p>\n\n\n\n<p>Comida Mineira em Minas Gerais.<\/p>\n\n\n\n<p>Fauna e flora do Cerrado Mineiro, uma riqueza sem fim.<\/p>\n\n\n\n<p>Povo simples e acolhedor.<\/p>\n\n\n\n<p><strong>Trajeto a Pedalar\/Caminhar:<\/strong><\/p>\n\n\n\n<p>TVMF Antigo leito ferrovi\u00e1rio, sem subidas, a maior tem 3% de inclina\u00e7\u00e3o.<\/p>\n\n\n\n<p>Trajeto para quem tem o m\u00ednimo de condicionamento f\u00edsico, por\u00e9m requer um pouco de t\u00e9cnica devido aos single-tracks e trechos com pedras.<\/p>\n\n\n\n<p>Demais trilhas de terra batida e trechos com cscalho.<\/p>\n\n\n\n<p>1 Pedal 25km + 250m TVMF 1 trecho.<\/p>\n\n\n\n<p>2 Pedal 35km + 180m TVMF 2 trecho.<\/p>\n\n\n\n<p>3 Pedal 35km + 495m Tel\u00e9foro.<\/p>\n\n\n\n<p>4 Caminhada Cachoeiras 3k + 120m.<\/p>\n\n\n\n<p>5 Pedal 30km + 380m Biri-biri.<\/p>\n\n\n\n<p>Pedais pela manh\u00e3 e teremos a tarde livre para explorar as localidades, paisagens, cachoeiras, culin\u00e1ria e o p\u00f4r do sol na Serra do Espinha\u00e7o.<\/p>\n\n\n\n<p><strong>Programa\u00e7\u00e3o:<\/strong><\/p>\n\n\n\n<p>11\/04 Traslado Aeroporto de Confins at\u00e9 Diamantina.<\/p>\n\n\n\n<p>12\/04 Trilha Verde da Maria Fuma\u00e7a 1 trecho.<\/p>\n\n\n\n<p>13\/04 Trilha Verde da Maria Fuma\u00e7a 2 trecho.<\/p>\n\n\n\n<p>14\/04 Trilha Cachoeira do Tel\u00e9sfero.<\/p>\n\n\n\n<p>15\/04 Trekking Cachoeiras das Fadas\/Borboletas\/usina.<\/p>\n\n\n\n<p>16\/04 Trilha Parque Biribiri.<\/p>\n\n\n\n<p>17\/04 Traslado at\u00e9 Aeroporto de Confins.<\/p>\n\n\n\n<p class=\"has-primary-color has-text-color has-link-color wp-elements-39271a8a557fe997704a855bb7cf3aa1\">Programa\u00e7\u00e3o detalhada e demais informa\u00e7\u00f5es s\u00e3o enviadas aos inscritos.<\/p>\n\n\n\n<p><strong>Detalhes:<\/strong><\/p>\n\n\n\n<p>As incr\u00edveis e l\u00edmpidas cachoeiras do serrado mineiro na Serra do Espinha\u00e7o&#8230;<\/p>\n\n\n\n<p>A charmosa e encantadora Diamantina&#8230;<\/p>\n\n\n\n<p>O exuberante Parque Estadual Biribiri&#8230;<\/p>\n\n\n\n<p>A Trilha Verde da Maria Fuma\u00e7a, um dos melhores trajetos de MTB do Brasil&#8230;<\/p>\n\n\n\n<p>Gastronomia, Fauna, Flora e muito mais em uma viagem no melhor da regi\u00e3o.<\/p>\n\n\n\n<p>Voc\u00ea s\u00f3 precisa desembarcar no aeroporto de Confins e o resto deixe com o CAB!<\/p>\n\n\n\n<p>Levamos a sua Bike at\u00e9 l\u00e1 com seguran\u00e7a.<\/p>\n\n\n\n<p>Somos especialistas na regi\u00e3o.<\/p>\n\n\n\n<p><strong>Hospedagens:<\/strong><\/p>\n\n\n\n<p>Hospedagens su\u00edtes duplas, com opcional de su\u00edte single.<\/p>\n\n\n\n<p>3 noites em Diamantina, melhor hotel da cidade.<\/p>\n\n\n\n<p>1 noite em Bar\u00e3o de Guacu\u00ed.<\/p>\n\n\n\n<p>2 noite em Conselheiro Mata.<\/p>\n\n\n\n<p><strong>O que est\u00e1 incluso:<\/strong><\/p>\n\n\n\n<p>Guia Prof. Sergio Acompanhando o grupo.<\/p>\n\n\n\n<p>Traslado SP Diamantina na Van do CAB.<\/p>\n\n\n\n<p>Traslado Confins a Diamantina (quem optar por ir de a\u00e9reo).<\/p>\n\n\n\n<p>Traslado das Bicicletas SP -&gt; Diamantina -&gt; SP.<\/p>\n\n\n\n<p>Traslado das Bagagens dia a dia.<\/p>\n\n\n\n<p>Melhores acomoda\u00e7\u00f5es em su\u00edtes duplas.<br>(Su\u00edte single entre em contato)<\/p>\n\n\n\n<p>6 Pernoites: 3x Diamantina, 1x Bar\u00e3o de Guai\u00e7u\u00ed, 2x Conselheiro Mata.<\/p>\n\n\n\n<p>Traslado Conselheiro Mata a Diamantina.<\/p>\n\n\n\n<p>Caf\u00e9 da manh\u00e3 antes do in\u00edcio dos Pedais.<\/p>\n\n\n\n<p>Acompanhamento Guia Cadastur.<\/p>\n\n\n\n<p>Idealiza\u00e7\u00e3o do evento CAB Eventos Esportivos.<\/p>\n\n\n\n<p>Suporte apoio b\u00e1sico mec\u00e2nico e primeiros socorros.<\/p>\n\n\n\n<p>Caso apoio com ve\u00edculo ser\u00e1 solicitado com custo adicional.<\/p>\n\n\n\n<p><strong>Valores:<\/strong><\/p>\n\n\n\n<p class=\"has-accent-color has-text-color has-link-color wp-elements-c235c2288b33e5e1a7f2ef2fb097871a\">Valor para quem vai com o pr\u00f3prio carro.<\/p>\n\n\n\n<p>Em at\u00e9 10 x R$ 374,00 (cart\u00e3o de cr\u00e9dito).<\/p>\n\n\n\n<p>\u00c1 vista com desconto R$ 3.400,00 (pode dividir pix e garantir esse desconto).<\/p>\n\n\n\n<p class=\"has-accent-color has-text-color has-link-color wp-elements-238dbf3f7e748ec4b45dfc369cdba22e\">Valor para quem vai de Van do CAB ou de a\u00e9reo.<\/p>\n\n\n\n<p>Em at\u00e9 10 x R$ 429,00 (cart\u00e3o de cr\u00e9dito).<\/p>\n\n\n\n<p>\u00c1 vista com desconto R$ 3.900,00 (pode dividir pix e garantir esse desconto).<\/p>\n\n\n\n<div class=\"wp-block-buttons is-layout-flex wp-block-buttons-is-layout-flex\">\n<div class=\"wp-block-button\"><a class=\"wp-block-button__link wp-element-button\" href=\"https:\/\/wa.me\/5511991332058?text=Tenho%20interesse%20na%20Trilha%20Verde%20da%20Maria%20Fuma%C3%A7a\">tem interesse Clique aqui<\/a><\/div>\n<\/div>\n\n\n\n<figure class=\"wp-block-image\"><a href=\"https:\/\/www.cab.com.br\/?page_id=5495\"><img loading=\"lazy\" decoding=\"async\" width=\"124\" height=\"51\" src=\"https:\/\/www.cab.com.br\/wp-content\/uploads\/Clube-CAB-Etiqueta-Desconto.png\" alt=\"\" class=\"wp-image-6634\"\/><\/a><\/figure>\n\n\n\n<figure class=\"wp-block-embed is-type-wp-embed is-provider-cab-eventos-esportivos wp-block-embed-cab-eventos-esportivos\"><div class=\"wp-block-embed__wrapper\">\n<blockquote class=\"wp-embedded-content\" data-secret=\"1qSAqj0dkr\"><a href=\"https:\/\/www.cab.com.br\/?page_id=3\">Participar, termos e condi\u00e7\u00f5es<\/a><\/blockquote><iframe loading=\"lazy\" class=\"wp-embedded-content\" sandbox=\"allow-scripts\" security=\"restricted\" style=\"position: absolute; visibility: hidden;\" title=\"&#8220;Participar, termos e condi\u00e7\u00f5es&#8221; &#8212; CAB Eventos Esportivos\" src=\"https:\/\/www.cab.com.br\/?page_id=3&#038;embed=true#?secret=sUgzQDijqw#?secret=1qSAqj0dkr\" data-secret=\"1qSAqj0dkr\" width=\"600\" height=\"338\" frameborder=\"0\" marginwidth=\"0\" marginheight=\"0\" scrolling=\"no\"><\/iframe>\n<\/div><\/figure>\n","protected":false},"excerpt":{"rendered":"<p>11 a 17 de Abril. Biking Trip. Pedal + Serra do Espinha\u00e7o + Cachoeras + MG! Incr\u00edvel e maravilhoso trecho de Bike cruzando a Serra do Espinha\u00e7o, trajeto sem subidas<\/p>\n","protected":false},"author":1,"featured_media":7639,"comment_status":"closed","ping_status":"open","sticky":false,"template":"","format":"standard","meta":{"footnotes":""},"categories":[668,2],"tags":[620,627,754,592,39,31,630,629,624,632,623,625,595,106,43,631,593,55,42,626,621,628,590,594,107,622],"class_list":["post-5794","post","type-post","status-publish","format-standard","has-post-thumbnail","hentry","category-biking-trip","category-proximos-eventos","tag-altitude-maxima","tag-barao-de-guaicui","tag-bike-trip-trilha-verde-da-maria-fumaca","tag-biribiri","tag-cab","tag-cab-eventos-esportivos","tag-cachoeira-barao","tag-cachoeira-das-fadas","tag-cachoeira-do-sentinela","tag-cachoeira-do-telesforo","tag-cachoeira-dos-cristais","tag-cachoeira-raiz","tag-cachoeiras","tag-ciclo-viagem","tag-cicloviagens","tag-conselheiro-mata","tag-diamantina","tag-eventos","tag-eventos-esportivos","tag-grande-pontilhao-de-ferro","tag-parque-biri-biri","tag-poco-da-agua-limpa","tag-serra-do-espinhaco","tag-trilha-verde-da-maria-fumaca","tag-trilhas-de-mtb","tag-vila-de-biribiri"],"_links":{"self":[{"href":"https:\/\/www.cab.com.br\/index.php?rest_route=\/wp\/v2\/posts\/5794","targetHints":{"allow":["GET"]}}],"collection":[{"href":"https:\/\/www.cab.com.br\/index.php?rest_route=\/wp\/v2\/posts"}],"about":[{"href":"https:\/\/www.cab.com.br\/index.php?rest_route=\/wp\/v2\/types\/post"}],"author":[{"embeddable":true,"href":"https:\/\/www.cab.com.br\/index.php?rest_route=\/wp\/v2\/users\/1"}],"replies":[{"embeddable":true,"href":"https:\/\/www.cab.com.br\/index.php?rest_route=%2Fwp%2Fv2%2Fcomments&post=5794"}],"version-history":[{"count":140,"href":"https:\/\/www.cab.com.br\/index.php?rest_route=\/wp\/v2\/posts\/5794\/revisions"}],"predecessor-version":[{"id":9886,"href":"https:\/\/www.cab.com.br\/index.php?rest_route=\/wp\/v2\/posts\/5794\/revisions\/9886"}],"wp:featuredmedia":[{"embeddable":true,"href":"https:\/\/www.cab.com.br\/index.php?rest_route=\/wp\/v2\/media\/7639"}],"wp:attachment":[{"href":"https:\/\/www.cab.com.br\/index.php?rest_route=%2Fwp%2Fv2%2Fmedia&parent=5794"}],"wp:term":[{"taxonomy":"category","embeddable":true,"href":"https:\/\/www.cab.com.br\/index.php?rest_route=%2Fwp%2Fv2%2Fcategories&post=5794"},{"taxonomy":"post_tag","embeddable":true,"href":"https:\/\/www.cab.com.br\/index.php?rest_route=%2Fwp%2Fv2%2Ftags&post=5794"}],"curies":[{"name":"wp","href":"https:\/\/api.w.org\/{rel}","templated":true}]}}